{"id":176415,"date":"2025-06-14T17:28:12","date_gmt":"2025-06-14T17:28:12","guid":{"rendered":"https:\/\/www.europesays.com\/fr\/176415\/"},"modified":"2025-06-14T17:28:12","modified_gmt":"2025-06-14T17:28:12","slug":"une-mentalite-de-boxeur-dans-un-sport-collectif-nadir-hifi-le-prince-de-paris-qui-electrise-le-basket-francais","status":"publish","type":"post","link":"https:\/\/www.europesays.com\/fr\/176415\/","title":{"rendered":"\u00ab\u00a0Une mentalit\u00e9 de boxeur dans un sport collectif\u00a0\u00bb\u00a0: Nadir Hifi, le Prince de Paris qui \u00e9lectrise le basket fran\u00e7ais"},"content":{"rendered":"<p class=\"paragraph text_align_left\">C\u2019est un lieu embl\u00e9matique, r\u00e9put\u00e9. Le terrain de jeu pr\u00e9f\u00e9r\u00e9 des basketteurs de Strasbourg et de ses environs. Simples amateurs ou joueurs confirm\u00e9s, tous se donnent rendez-vous sur le playground de la Citadelle, dans le parc \u00e9ponyme, pour des matchs enflamm\u00e9s, disput\u00e9s parfois jusqu\u2019\u00e0 l\u2019exc\u00e8s et la tomb\u00e9e de la nuit.<\/p>\n<p class=\"paragraph text_align_left\">C\u2019est ici que le jeune <a href=\"https:\/\/www.leparisien.fr\/sports\/basket\/je-merite-ce-qui-marrive-je-suis-alle-le-chercher-les-verites-de-nadir-hifi-avant-le-all-star-game-29-12-2024-IROSS26CP5GHZCRTN6HKTLV4AQ.php\" target=\"_blank\" rel=\"noreferrer noopener\">Nadir Hifi<\/a>, tout juste recal\u00e9 d\u2019un sport-\u00e9tudes \u00e0 Lille, est venu passer ses nerfs lors de l\u2019\u00e9t\u00e9 2019. Le gamin de 16 ans n\u2019est pas le plus grand, pas le plus impressionnant, mais il ne passe pas inaper\u00e7u. Comme toujours avec celui qui dispute, \u00e0 partir de ce dimanche (16h30), <a href=\"https:\/\/www.leparisien.fr\/sports\/basket\/paris-basketball-monaco-les-dates-et-le-programme-de-la-finale-du-championnat-de-france-11-06-2025-YNUY2QYC6VB6TBJTVD6AN2SJTU.php\" target=\"_blank\" rel=\"noreferrer noopener\">la finale de Betclic \u00c9lite<\/a>, le Championnat de France, avec le <a href=\"https:\/\/www.leparisien.fr\/sports\/on-veut-creer-une-marque-une-communaute-pourquoi-le-paris-basketball-est-plus-quun-club-19-03-2022-JZMFITE4SZDJFDKVZFXQTWIRKY.php\" target=\"_blank\" rel=\"noreferrer noopener\">Paris Basketball<\/a> contre Monaco.<\/p>\n","protected":false},"excerpt":{"rendered":"C\u2019est un lieu embl\u00e9matique, r\u00e9put\u00e9. Le terrain de jeu pr\u00e9f\u00e9r\u00e9 des basketteurs de Strasbourg et de ses environs.&hellip;\n","protected":false},"author":2,"featured_media":176416,"comment_status":"","ping_status":"","sticky":false,"template":"","format":"standard","meta":{"footnotes":""},"categories":[1888],"tags":[1111,1928,11,1927,1465,459,1777,674,1011,27,12,1926,626,1925,25,60],"class_list":{"0":"post-176415","1":"post","2":"type-post","3":"status-publish","4":"format-standard","5":"has-post-thumbnail","7":"category-paris","8":"tag-actu","9":"tag-actu-paris","10":"tag-actualites","11":"tag-actualites-paris","12":"tag-basket","13":"tag-departements-horsidfo","14":"tag-eu","15":"tag-europe","16":"tag-fr","17":"tag-france","18":"tag-news","19":"tag-news-paris","20":"tag-paris","21":"tag-paris-news","22":"tag-republique-francaise","23":"tag-sports"},"share_on_mastodon":{"url":"https:\/\/pubeurope.com\/@fr\/114682901471239548","error":""},"_links":{"self":[{"href":"https:\/\/www.europesays.com\/fr\/wp-json\/wp\/v2\/posts\/176415","targetHints":{"allow":["GET"]}}],"collection":[{"href":"https:\/\/www.europesays.com\/fr\/wp-json\/wp\/v2\/posts"}],"about":[{"href":"https:\/\/www.europesays.com\/fr\/wp-json\/wp\/v2\/types\/post"}],"author":[{"embeddable":true,"href":"https:\/\/www.europesays.com\/fr\/wp-json\/wp\/v2\/users\/2"}],"replies":[{"embeddable":true,"href":"https:\/\/www.europesays.com\/fr\/wp-json\/wp\/v2\/comments?post=176415"}],"version-history":[{"count":0,"href":"https:\/\/www.europesays.com\/fr\/wp-json\/wp\/v2\/posts\/176415\/revisions"}],"wp:featuredmedia":[{"embeddable":true,"href":"https:\/\/www.europesays.com\/fr\/wp-json\/wp\/v2\/media\/176416"}],"wp:attachment":[{"href":"https:\/\/www.europesays.com\/fr\/wp-json\/wp\/v2\/media?parent=176415"}],"wp:term":[{"taxonomy":"category","embeddable":true,"href":"https:\/\/www.europesays.com\/fr\/wp-json\/wp\/v2\/categories?post=176415"},{"taxonomy":"post_tag","embeddable":true,"href":"https:\/\/www.europesays.com\/fr\/wp-json\/wp\/v2\/tags?post=176415"}],"curies":[{"name":"wp","href":"https:\/\/api.w.org\/{rel}","templated":true}]}}