{"id":176423,"date":"2025-06-14T17:32:10","date_gmt":"2025-06-14T17:32:10","guid":{"rendered":"https:\/\/www.europesays.com\/fr\/176423\/"},"modified":"2025-06-14T17:32:10","modified_gmt":"2025-06-14T17:32:10","slug":"un-echange-de-prisonniers-et-une-crainte-ukrainienne-detre-oublie-a-cause-du-conflit-en-iran","status":"publish","type":"post","link":"https:\/\/www.europesays.com\/fr\/176423\/","title":{"rendered":"Un \u00e9change de prisonniers et une crainte ukrainienne d\u2019\u00eatre oubli\u00e9 \u00e0 cause du conflit en Iran"},"content":{"rendered":"<p>Vous avez rat\u00e9 les derniers \u00e9v\u00e9nements sur la <a href=\"https:\/\/www.20minutes.fr\/monde\/ukraine\/\" class=\"color-ultramarine c-link\" target=\"_blank\" rel=\"noopener\">guerre en Ukraine<\/a>\u00a0? 20 Minutes fait le point pour vous tous les soirs. Voici l\u2019essentiel de ce samedi 14\u00a0juin 2025, 1.207e jour du conflit.<\/p>\n<p>Le fait du jour<\/p>\n<p>Le pr\u00e9sident ukrainien, <a href=\"https:\/\/www.20minutes.fr\/monde\/volodymyr-zelensky\/\" class=\"color-ultramarine c-link\" target=\"_blank\" rel=\"noopener\">Volodymyr Zelensky<\/a>, a assur\u00e9 que l\u2019offensive russe dans la r\u00e9gion de Soumy (nord) avait \u00e9t\u00e9 stopp\u00e9e et d\u00e9menti que les forces de <a href=\"https:\/\/www.20minutes.fr\/monde\/moscou\/\" class=\"color-ultramarine c-link\" target=\"_blank\" rel=\"noopener\">Moscou<\/a> aient p\u00e9n\u00e9tr\u00e9 dans celle de Dnipropetrovsk (centre-est), deux des nouveaux axes d\u2019attaques russes.<\/p>\n<p>Selon Zelensky, une incursion ukrainienne dans la r\u00e9gion russe de Koursk a conduit les forces russes \u00e0 scinder en deux leur contingent qui attaque la r\u00e9gion de Soumy et \u00ab\u00a0les a emp\u00each\u00e9es d\u2019avancer plus profond\u00e9ment\u00a0\u00bb vers la capitale r\u00e9gionale \u00e9ponyme.<\/p>\n<p>La d\u00e9claration du jour<\/p>\n<blockquote class=\"mx-m@xs mx-xxl@md color-ultramarine c-citation\">\n<p class=\"font-weight-regular@xs text-italic font-source-serif-pro text-l@xs c-citation__content\">\u00ab\u00a0Nous aimerions que l\u2019aide \u00e0 l\u2019Ukraine ne diminue pas pour cette raison. La derni\u00e8re fois, cela a \u00e9t\u00e9 un facteur qui a ralenti l\u2019aide \u00e0 l\u2019Ukraine\u00a0\u00bb<\/p>\n<\/blockquote>\n<p>Le pr\u00e9sident ukrainien Volodymyr Zelensky a dit lors d\u2019une conf\u00e9rence de presse men\u00e9e ce vendredi mais diffus\u00e9e ce samedi, esp\u00e9rer que la s\u00e9rie de frappes men\u00e9es par <a href=\"https:\/\/www.20minutes.fr\/monde\/israel\/\" class=\"color-ultramarine c-link\" target=\"_blank\" rel=\"noopener\">Isra\u00ebl<\/a> et l\u2019Iran l\u2019un contre l\u2019autre n\u2019aboutira pas \u00e0 une diminution de l\u2019aide occidentale \u00e0 l\u2019Ukraine pour faire face \u00e0 l\u2019invasion russe.<\/p>\n<\/p>\n<p>Le chiffre du jour<\/p>\n<p>4. Malgr\u00e9 les affrontements, l\u2019Ukraine et la Russie ont proc\u00e9d\u00e9 samedi \u00e0 leur quatri\u00e8me \u00e9change de prisonniers de la semaine, dans le cadre des accords conclus \u00e0 Istanbul d\u00e9but juin. Comme lors des pr\u00e9c\u00e9dents \u00e9changes, le nombre de personnes concern\u00e9es n\u2019a pas \u00e9t\u00e9 r\u00e9v\u00e9l\u00e9.<\/p>\n<p>Des photos publi\u00e9es par Volodymyr Zelensky sur <a href=\"https:\/\/www.20minutes.fr\/high-tech\/telegram\/\" class=\"color-ultramarine c-link\" target=\"_blank\" rel=\"noopener\">Telegram<\/a> montrent des hommes de divers \u00e2ges, pour la plupart t\u00eate ras\u00e9e, en treillis et envelopp\u00e9s dans des drapeaux ukrainiens. Certains sont bless\u00e9s, d\u2019autres descendent des bus et embrassent ceux venus les accueillir, ou appellent quelqu\u2019un par t\u00e9l\u00e9phone, parfois souriants.<\/p>\n<p>De son c\u00f4t\u00e9, le minist\u00e8re russe de la D\u00e9fense a publi\u00e9 une vid\u00e9o montrant des hommes en uniforme brandissant des drapeaux russes, applaudissant et scandant \u00ab\u00a0<a href=\"https:\/\/www.20minutes.fr\/monde\/russie\/\" class=\"color-ultramarine c-link\" target=\"_blank\" rel=\"noopener\">Russie<\/a>, Russie\u00a0\u00bb et \u00ab\u00a0gloire \u00e0 la Russie\u00a0\u00bb, certains le poing lev\u00e9.<\/p>\n<p>La tendance du jour<\/p>\n<p>Le pr\u00e9sident ukrainien Volodymyr Zelensky a appel\u00e9 les Etats-Unis \u00e0 \u00ab\u00a0changer de ton\u00a0\u00bb avec la Russie, estimant que l\u2019administration de <a href=\"https:\/\/www.20minutes.fr\/dossier\/donald_trump\" class=\"color-ultramarine c-link\" target=\"_blank\" rel=\"noopener\">Donald Trump<\/a> \u00e9tait \u00ab\u00a0trop conciliante\u00a0\u00bb avec Moscou et doit au contraire renforcer les sanctions.<\/p>\n<p>\u00ab\u00a0\u00c0 l\u2019heure actuelle, le ton du dialogue entre les \u00c9tats-Unis et la Russie semble trop conciliant. Soyons honn\u00eates\u00a0: cela n\u2019arr\u00eatera pas Poutine. Ce qu\u2019il faut, c\u2019est changer de ton\u00a0\u00bb, a plaid\u00e9 Volodymyr Zelensky sur X alors que Donald Trump et <a href=\"https:\/\/www.20minutes.fr\/monde\/vladimir_poutine\/\" class=\"color-ultramarine c-link\" target=\"_blank\" rel=\"noopener\">Vladimir Poutine<\/a> ont \u00e9chang\u00e9 ce m\u00eame jour au sujet de l\u2019Ukraine, mais aussi et surtout, au sujet de la situation au Proche-Orient.<\/p>\n","protected":false},"excerpt":{"rendered":"Vous avez rat\u00e9 les derniers \u00e9v\u00e9nements sur la guerre en Ukraine\u00a0? 20 Minutes fait le point pour vous&hellip;\n","protected":false},"author":2,"featured_media":176424,"comment_status":"","ping_status":"","sticky":false,"template":"","format":"standard","meta":{"footnotes":""},"categories":[1590],"tags":[47,11,4755,73,1777,674,131,3019,664,74,12,807,132,220,135,134],"class_list":{"0":"post-176423","1":"post","2":"type-post","3":"status-publish","4":"format-standard","5":"has-post-thumbnail","7":"category-ukraine","8":"tag-actualite","9":"tag-actualites","10":"tag-bombardement","11":"tag-etats-unis","12":"tag-eu","13":"tag-europe","14":"tag-guerre-en-ukraine","15":"tag-iran","16":"tag-israel","17":"tag-monde","18":"tag-news","19":"tag-prisonniers","20":"tag-russie","21":"tag-ukraine","22":"tag-vladimir-poutine","23":"tag-volodymyr-zelensky"},"share_on_mastodon":{"url":"https:\/\/pubeurope.com\/@fr\/114682917221106415","error":""},"_links":{"self":[{"href":"https:\/\/www.europesays.com\/fr\/wp-json\/wp\/v2\/posts\/176423","targetHints":{"allow":["GET"]}}],"collection":[{"href":"https:\/\/www.europesays.com\/fr\/wp-json\/wp\/v2\/posts"}],"about":[{"href":"https:\/\/www.europesays.com\/fr\/wp-json\/wp\/v2\/types\/post"}],"author":[{"embeddable":true,"href":"https:\/\/www.europesays.com\/fr\/wp-json\/wp\/v2\/users\/2"}],"replies":[{"embeddable":true,"href":"https:\/\/www.europesays.com\/fr\/wp-json\/wp\/v2\/comments?post=176423"}],"version-history":[{"count":0,"href":"https:\/\/www.europesays.com\/fr\/wp-json\/wp\/v2\/posts\/176423\/revisions"}],"wp:featuredmedia":[{"embeddable":true,"href":"https:\/\/www.europesays.com\/fr\/wp-json\/wp\/v2\/media\/176424"}],"wp:attachment":[{"href":"https:\/\/www.europesays.com\/fr\/wp-json\/wp\/v2\/media?parent=176423"}],"wp:term":[{"taxonomy":"category","embeddable":true,"href":"https:\/\/www.europesays.com\/fr\/wp-json\/wp\/v2\/categories?post=176423"},{"taxonomy":"post_tag","embeddable":true,"href":"https:\/\/www.europesays.com\/fr\/wp-json\/wp\/v2\/tags?post=176423"}],"curies":[{"name":"wp","href":"https:\/\/api.w.org\/{rel}","templated":true}]}}