{"id":176425,"date":"2025-06-14T17:33:10","date_gmt":"2025-06-14T17:33:10","guid":{"rendered":"https:\/\/www.europesays.com\/fr\/176425\/"},"modified":"2025-06-14T17:33:10","modified_gmt":"2025-06-14T17:33:10","slug":"une-elue-du-minnesota-tuee-un-senateur-blesse-dans-un-acte-de-violence-politique","status":"publish","type":"post","link":"https:\/\/www.europesays.com\/fr\/176425\/","title":{"rendered":"une \u00e9lue du Minnesota tu\u00e9e, un s\u00e9nateur bless\u00e9, dans un \u00abacte de violence politique\u00bb"},"content":{"rendered":"<p>Une \u00e9lue locale du Minnesota et son mari ont \u00e9t\u00e9 tu\u00e9s et un autre \u00e9lu a \u00e9t\u00e9 bless\u00e9 samedi 14 juin dans un \u00ab acte de violence politique \u00bb, a annonc\u00e9 Tim Walz, le gouverneur de cet \u00c9tat du nord des \u00c9tats-Unis, ajoutant que le suspect \u00e9tait en fuite et activement recherch\u00e9.<\/p>\n<p>Melissa Hortman et son mari \u00ab ont \u00e9t\u00e9 tu\u00e9s par des tirs t\u00f4t ce matin dans ce qui semble \u00eatre un assassinat politiquement motiv\u00e9 \u00bb, a d\u00e9clar\u00e9<strong> <a href=\"https:\/\/www.rfi.fr\/fr\/tag\/tim-walz\/\" class=\"link \" rel=\"nofollow noopener\" target=\"_blank\" data-ylk=\"slk:Tim Walz;elm:context_link;itc:0;sec:content-canvas\">Tim Walz<\/a><\/strong> lors d\u2019une conf\u00e9rence de presse. \u00ab C\u2019\u00e9tait un acte d\u00e9lib\u00e9r\u00e9 de violence politique \u00bb, a ajout\u00e9 Tim Walz, visiblement \u00e9mu.<\/p>\n<p>Les deux \u00e9lus, tous deux d\u00e9mocrates, ont \u00e9t\u00e9 la cible de tirs \u00e0 leur domicile dans la banlieue nord de Minneapolis, au beau milieu de la nuit, a pr\u00e9cis\u00e9 la police. Le tireur a d\u2019abord vis\u00e9 vers deux heures du matin le s\u00e9nateur local John Hoffman et sa femme. Tous deux \u00ab ont \u00e9t\u00e9 touch\u00e9s par de nombreux tirs \u00bb, ont \u00e9t\u00e9 op\u00e9r\u00e9s \u00e0 l\u2019h\u00f4pital, et \u00ab nous sommes raisonnablement optimistes sur le fait qu\u2019ils vont survivre \u00e0 cette tentative d\u2019assassinat \u00bb, a encore d\u00e9clar\u00e9 le gouverneur.<\/p>\n<p>Ensuite, vers 3h30 du matin, en allant v\u00e9rifier, par pr\u00e9caution, le domicile de Melissa Hortman \u00e0 proximit\u00e9, la police s\u2019est retrouv\u00e9e nez \u00e0 nez avec le tireur, qui a \u00ab imm\u00e9diatement tir\u00e9 sur eux \u00bb, a d\u00e9clar\u00e9 \u00e0 la presse Drew Evans, patron du bureau d\u2019enqu\u00eate du Minnesota. \u00ab L\u2019individu a r\u00e9ussi \u00e0 s\u2019\u00e9chapper durant cet \u00e9change de tir \u00bb, a-t-il ajout\u00e9. Il est toujours activement recherch\u00e9.<\/p>\n<p>Une attaque \u00ab terrible \u00bb a r\u00e9agi Donald Trump<\/p>\n<p><a href=\"https:\/\/www.rfi.fr\/fr\/am%C3%A9riques\/20250614-%C3%A9tats-unis-une-%C3%A9lue-du-minnesota-tu%C3%A9e-un-s%C3%A9nateur-bless%C3%A9-dans-un-acte-de-violence-politique\" rel=\"nofollow noopener\" target=\"_blank\" data-ylk=\"slk:Lire la suite sur RFI;elm:context_link;itc:0;sec:content-canvas\" class=\"link \">Lire la suite sur RFI<\/a><\/p>\n","protected":false},"excerpt":{"rendered":"Une \u00e9lue locale du Minnesota et son mari ont \u00e9t\u00e9 tu\u00e9s et un autre \u00e9lu a \u00e9t\u00e9 bless\u00e9&hellip;\n","protected":false},"author":2,"featured_media":176426,"comment_status":"","ping_status":"","sticky":false,"template":"","format":"standard","meta":{"footnotes":""},"categories":[1589],"tags":[11,1153,73,1866,31217,31220,12,31218,1864,1865,1863,308,31219],"class_list":{"0":"post-176425","1":"post","2":"type-post","3":"status-publish","4":"format-standard","5":"has-post-thumbnail","7":"category-etats-unis","8":"tag-actualites","9":"tag-conference-de-presse","10":"tag-etats-unis","11":"tag-etats-unis-damerique","12":"tag-melissa-hortman","13":"tag-minnesota","14":"tag-news","15":"tag-tim-walz","16":"tag-united-states","17":"tag-united-states-of-america","18":"tag-us","19":"tag-usa","20":"tag-violence-politique"},"share_on_mastodon":{"url":"https:\/\/pubeurope.com\/@fr\/114682921199193424","error":""},"_links":{"self":[{"href":"https:\/\/www.europesays.com\/fr\/wp-json\/wp\/v2\/posts\/176425","targetHints":{"allow":["GET"]}}],"collection":[{"href":"https:\/\/www.europesays.com\/fr\/wp-json\/wp\/v2\/posts"}],"about":[{"href":"https:\/\/www.europesays.com\/fr\/wp-json\/wp\/v2\/types\/post"}],"author":[{"embeddable":true,"href":"https:\/\/www.europesays.com\/fr\/wp-json\/wp\/v2\/users\/2"}],"replies":[{"embeddable":true,"href":"https:\/\/www.europesays.com\/fr\/wp-json\/wp\/v2\/comments?post=176425"}],"version-history":[{"count":0,"href":"https:\/\/www.europesays.com\/fr\/wp-json\/wp\/v2\/posts\/176425\/revisions"}],"wp:featuredmedia":[{"embeddable":true,"href":"https:\/\/www.europesays.com\/fr\/wp-json\/wp\/v2\/media\/176426"}],"wp:attachment":[{"href":"https:\/\/www.europesays.com\/fr\/wp-json\/wp\/v2\/media?parent=176425"}],"wp:term":[{"taxonomy":"category","embeddable":true,"href":"https:\/\/www.europesays.com\/fr\/wp-json\/wp\/v2\/categories?post=176425"},{"taxonomy":"post_tag","embeddable":true,"href":"https:\/\/www.europesays.com\/fr\/wp-json\/wp\/v2\/tags?post=176425"}],"curies":[{"name":"wp","href":"https:\/\/api.w.org\/{rel}","templated":true}]}}