{"id":176429,"date":"2025-06-14T17:35:15","date_gmt":"2025-06-14T17:35:15","guid":{"rendered":"https:\/\/www.europesays.com\/fr\/176429\/"},"modified":"2025-06-14T17:35:15","modified_gmt":"2025-06-14T17:35:15","slug":"tres-inquietant-la-russie-deplore-les-projets-de-rearmement-de-lallemagne-et-evoque-les-deux-guerres-mondiales-28-05-2025-a-1158","status":"publish","type":"post","link":"https:\/\/www.europesays.com\/fr\/176429\/","title":{"rendered":"\u00ab\u00a0Tr\u00e8s inqui\u00e9tant\u00a0\u00bb : la Russie d\u00e9plore les projets de r\u00e9armement de l&rsquo;Allemagne et \u00e9voque les deux guerres mondiales &#8211; 28\/05\/2025 \u00e0 11:58"},"content":{"rendered":"<p> Plus t\u00f4t dans le mois, le chancelier allemand Friedrich Merz s&rsquo;est engag\u00e9 \u00e0 doter l&rsquo;Allemagne de \u00ab\u00a0l&rsquo;arm\u00e9e conventionnelle la plus puissante d&rsquo;Europe\u00a0\u00bb.<\/p>\n<p>        <img fetchpriority=\"high\" decoding=\"async\" src=\"https:\/\/www.europesays.com\/fr\/wp-content\/uploads\/2025\/06\/c5b91d53dd6718e11d9426238e172bb1-760x507.jpg\" alt=\"Segue\u00ef Lavrov \u00e0 Moscou, en Russie, le 26 mai 2025. ( POOL \/ ALEXANDER ZEMLIANICHENKO )\" loading=\"eager\" width=\"760\" height=\"507\" style=\"max-width: 100%!important; height: auto;\"\/><\/p>\n<p class=\"c-image-news__legend\">Segue\u00ef Lavrov \u00e0 Moscou, en Russie, le 26 mai 2025. ( POOL \/ ALEXANDER ZEMLIANICHENKO )<\/p>\n<p>\n La Russie a \u00e9voqu\u00e9 mercredi 28 mai les deux guerres mondiales du XXe si\u00e8cle pour d\u00e9noncer<br \/>\n <a href=\"https:\/\/www.boursorama.com\/actualite-economique\/actualites\/dissuasion-nucleaire-missiles-chars-et-avions-merz-et-macron-posent-les-questions-de-defense-france-allemagne-sur-la-table-1cacb23383fbea80e14b47b9aaf4c503\" rel=\"nofollow noopener\" target=\"_blank\"><br \/>\n  le r\u00e9armement annonc\u00e9 par l&rsquo;Allemagne<br \/>\n <\/a><br \/>\n dans le sillage de la guerre en Ukraine et du revirement de Donald Trump, le chef de la diplomatie russe, Sergue\u00ef Lavrov, \u00e9voquant des projets \u00ab\u00a0tr\u00e8s inqui\u00e9tants\u00a0\u00bb.\n<\/p>\n<p>\n \u00ab\u00a0Les r\u00e9cents propos du nouveau chancelier allemand, Monsieur Merz, qui s&rsquo;est engag\u00e9 \u00e0 faire de l&rsquo;Allemagne, selon ses mots, la premi\u00e8re puissance militaire d&rsquo;Europe, sont tr\u00e8s inqui\u00e9tants\u00a0\u00bb, a dit Sergue\u00ef Lavrov lors d&rsquo;une conf\u00e9rence \u00e0 Moscou.\n<\/p>\n<p>\n \u00ab\u00a0Beaucoup ont<br \/>\n <strong><br \/>\n  imm\u00e9diatement pens\u00e9 aux p\u00e9riodes du si\u00e8cle dernier<br \/>\n <\/strong><br \/>\n o\u00f9 l&rsquo;Allemagne est devenue \u00e0 deux reprises la premi\u00e8re puissance militaire, et aux malheurs que cela a entra\u00een\u00e9s\u00a0\u00bb, a-t-il ajout\u00e9, en \u00e9voquant la Premi\u00e8re et la Seconde Guerres mondiales.\n<\/p>\n<p>\n Plus t\u00f4t en mai, le chancelier allemand Friedrich Merz s&rsquo;est engag\u00e9 \u00e0 doter l&rsquo;Allemagne de<br \/>\n <strong><br \/>\n  \u00ab\u00a0l&rsquo;arm\u00e9e conventionnelle la plus puissante d&rsquo;Europe\u00a0\u00bb<br \/>\n <\/strong><br \/>\n face \u00e0 une menace russe accrue et une protection militaire am\u00e9ricaine devenue incertaine. \u00ab\u00a0Le renforcement de la Bundeswehr est notre priorit\u00e9 absolue\u00a0\u00bb, avait-il dit.\n<\/p>\n<p> Tournant strat\u00e9gique<\/p>\n<p>\n Le dirigeant allemand a point\u00e9 la menace repr\u00e9sent\u00e9e par la Russie, \u00e0 l&rsquo;assaut en Ukraine depuis plus de trois ans : \u00ab\u00a0Quiconque croit s\u00e9rieusement que la Russie se contentera d&rsquo;une victoire sur l&rsquo;Ukraine ou de l&rsquo;annexion d&rsquo;une partie du pays se trompe\u00a0\u00bb, a-t-il mis en garde.\n<\/p>\n<p>\n <strong><br \/>\n  Profond\u00e9ment pacifiste depuis les horreurs du nazisme<br \/>\n <\/strong><br \/>\n , l&rsquo;Allemagne a longtemps sous-financ\u00e9 sa d\u00e9fense, s&rsquo;en remettant \u00e0 la puissance am\u00e9ricaine au sein de l&rsquo;Otan.\n<\/p>\n<p>\n Le pays a op\u00e9r\u00e9 un tournant strat\u00e9gique depuis l&rsquo;attaque russe en Ukraine fin f\u00e9vrier 2022, augmentant sensiblement son budget militaire sous la mandature du gouvernement d&rsquo;Olaf Scholz qui s&rsquo;\u00e9tait \u00e9galement fix\u00e9 l&rsquo;objectif de b\u00e2tir l&rsquo;arm\u00e9e la puissante d&rsquo;Europe.\n<\/p>\n<p>\n La Bundeswehr souffre encore d&rsquo;<br \/>\n <strong><br \/>\n  une p\u00e9nurie d&rsquo;\u00e9quipements, d&rsquo;infrastructures d\u00e9grad\u00e9es et d&rsquo;une bureaucratie pesante<br \/>\n <\/strong><br \/>\n , selon diff\u00e9rents rapports.<\/p>\n","protected":false},"excerpt":{"rendered":"Plus t\u00f4t dans le mois, le chancelier allemand Friedrich Merz s&rsquo;est engag\u00e9 \u00e0 doter l&rsquo;Allemagne de \u00ab\u00a0l&rsquo;arm\u00e9e conventionnelle&hellip;\n","protected":false},"author":2,"featured_media":176430,"comment_status":"","ping_status":"","sticky":false,"template":"","format":"standard","meta":{"footnotes":""},"categories":[1587],"tags":[400,11,672,398,408,1804,405,1805,1803,1777,674,1801,403,402,399,404,12,1802,401,406,407],"class_list":{"0":"post-176429","1":"post","2":"type-post","3":"status-publish","4":"format-standard","5":"has-post-thumbnail","7":"category-allemagne","8":"tag-action-cac-40","9":"tag-actualites","10":"tag-allemagne","11":"tag-bourse-de-paris","12":"tag-boursorama","13":"tag-bundesrepublik-deutschland","14":"tag-cotations","15":"tag-de","16":"tag-deutschland","17":"tag-eu","18":"tag-europe","19":"tag-germany","20":"tag-indices-devises","21":"tag-investir","22":"tag-investissement","23":"tag-marche-boursier","24":"tag-news","25":"tag-republique-federale-dallemagne","26":"tag-sicav","27":"tag-trackers","28":"tag-warrants"},"share_on_mastodon":{"url":"https:\/\/pubeurope.com\/@fr\/114682929099368258","error":""},"_links":{"self":[{"href":"https:\/\/www.europesays.com\/fr\/wp-json\/wp\/v2\/posts\/176429","targetHints":{"allow":["GET"]}}],"collection":[{"href":"https:\/\/www.europesays.com\/fr\/wp-json\/wp\/v2\/posts"}],"about":[{"href":"https:\/\/www.europesays.com\/fr\/wp-json\/wp\/v2\/types\/post"}],"author":[{"embeddable":true,"href":"https:\/\/www.europesays.com\/fr\/wp-json\/wp\/v2\/users\/2"}],"replies":[{"embeddable":true,"href":"https:\/\/www.europesays.com\/fr\/wp-json\/wp\/v2\/comments?post=176429"}],"version-history":[{"count":0,"href":"https:\/\/www.europesays.com\/fr\/wp-json\/wp\/v2\/posts\/176429\/revisions"}],"wp:featuredmedia":[{"embeddable":true,"href":"https:\/\/www.europesays.com\/fr\/wp-json\/wp\/v2\/media\/176430"}],"wp:attachment":[{"href":"https:\/\/www.europesays.com\/fr\/wp-json\/wp\/v2\/media?parent=176429"}],"wp:term":[{"taxonomy":"category","embeddable":true,"href":"https:\/\/www.europesays.com\/fr\/wp-json\/wp\/v2\/categories?post=176429"},{"taxonomy":"post_tag","embeddable":true,"href":"https:\/\/www.europesays.com\/fr\/wp-json\/wp\/v2\/tags?post=176429"}],"curies":[{"name":"wp","href":"https:\/\/api.w.org\/{rel}","templated":true}]}}