{"id":176437,"date":"2025-06-14T17:40:13","date_gmt":"2025-06-14T17:40:13","guid":{"rendered":"https:\/\/www.europesays.com\/fr\/176437\/"},"modified":"2025-06-14T17:40:13","modified_gmt":"2025-06-14T17:40:13","slug":"plus-de-science-pas-moins-la-france-soutient-les-universites-americaines-ciblees-par-trump","status":"publish","type":"post","link":"https:\/\/www.europesays.com\/fr\/176437\/","title":{"rendered":"\u00ab\u00a0Plus de science, pas moins\u00a0\u00bb\u00a0: la France \u00ab\u00a0soutient\u00a0\u00bb les universit\u00e9s am\u00e9ricaines cibl\u00e9es par Trump"},"content":{"rendered":"<p>La France \u00ab soutient Harvard \u00bb et les universit\u00e9s am\u00e9ricaines \u00ab qui font face \u00e0 la menace du contr\u00f4le gouvernemental, de la restriction de leurs financements, des contraintes sur leurs programmes ou leurs projets de recherche \u00bb, a d\u00e9clar\u00e9, samedi 14 juin 2025, son ministre des Affaires \u00e9trang\u00e8res. \u00ab Nous avons besoin de plus de recherche. Plus de libert\u00e9 acad\u00e9mique. Plus de science, pas moins \u00bb, a dit Jean-No\u00ebl Barrot, dans un discours prononc\u00e9 en anglais devant les \u00e9tudiants de l\u2019\u00e9cole de commerce HEC.<\/p>\n<p>\u00ab Nous sommes avec vous ! Si les tribunaux am\u00e9ricains maintiennent les d\u00e9cisions interdisant les \u00e9tudiants internationaux, la France offrira un lieu s\u00fbr pour terminer leurs dipl\u00f4mes \u00bb.<\/p>\n<p><a href=\"https:\/\/www.letelegramme.fr\/monde\/la-justice-suspend-linterdiction-par-trump-des-etudiants-etrangers-a-harvard-6830951.php\" target=\"_blank\" rel=\"noopener\">La justice am\u00e9ricaine a suspendu<\/a>, il y a dix jours, la mesure du pr\u00e9sident Donald Trump visant \u00e0 interdire l\u2019entr\u00e9e aux \u00c9tats-Unis de nouveaux \u00e9tudiants internationaux venus suivre les cours de l\u2019universit\u00e9 de Harvard, suscitant <a href=\"https:\/\/www.letelegramme.fr\/monde\/une-mesure-de-represailles-illegale-luniversite-de-harvard-denonce-les-restrictions-aux-etudiants-etrangers-decidees-par-trump-6830774.php\" target=\"_blank\" rel=\"noopener\">une onde de choc pour les concern\u00e9s<\/a>.<\/p>\n<p>En pleine guerre contre des universit\u00e9s qu\u2019il consid\u00e8re notamment \u00eatre des incubateurs du \u00ab wokisme \u00bb, Donald Trump avait jug\u00e9 la veille \u00ab n\u00e9cessaire de restreindre l\u2019entr\u00e9e aux ressortissants \u00e9trangers qui cherchent \u00e0 venir aux \u00c9tats-Unis pour participer (\u2026) \u00e0 un programme d\u2019\u00e9tudes de l\u2019universit\u00e9 Harvard \u00bb.<\/p>\n","protected":false},"excerpt":{"rendered":"La France \u00ab soutient Harvard \u00bb et les universit\u00e9s am\u00e9ricaines \u00ab qui font face \u00e0 la menace du&hellip;\n","protected":false},"author":2,"featured_media":176438,"comment_status":"","ping_status":"","sticky":false,"template":"","format":"standard","meta":{"footnotes":""},"categories":[4],"tags":[11,765,73,1011,27,12,25,5768,308],"class_list":{"0":"post-176437","1":"post","2":"type-post","3":"status-publish","4":"format-standard","5":"has-post-thumbnail","7":"category-france","8":"tag-actualites","9":"tag-en-continu","10":"tag-etats-unis","11":"tag-fr","12":"tag-france","13":"tag-news","14":"tag-republique-francaise","15":"tag-universite","16":"tag-usa"},"share_on_mastodon":{"url":"https:\/\/pubeurope.com\/@fr\/114682948719379446","error":""},"_links":{"self":[{"href":"https:\/\/www.europesays.com\/fr\/wp-json\/wp\/v2\/posts\/176437","targetHints":{"allow":["GET"]}}],"collection":[{"href":"https:\/\/www.europesays.com\/fr\/wp-json\/wp\/v2\/posts"}],"about":[{"href":"https:\/\/www.europesays.com\/fr\/wp-json\/wp\/v2\/types\/post"}],"author":[{"embeddable":true,"href":"https:\/\/www.europesays.com\/fr\/wp-json\/wp\/v2\/users\/2"}],"replies":[{"embeddable":true,"href":"https:\/\/www.europesays.com\/fr\/wp-json\/wp\/v2\/comments?post=176437"}],"version-history":[{"count":0,"href":"https:\/\/www.europesays.com\/fr\/wp-json\/wp\/v2\/posts\/176437\/revisions"}],"wp:featuredmedia":[{"embeddable":true,"href":"https:\/\/www.europesays.com\/fr\/wp-json\/wp\/v2\/media\/176438"}],"wp:attachment":[{"href":"https:\/\/www.europesays.com\/fr\/wp-json\/wp\/v2\/media?parent=176437"}],"wp:term":[{"taxonomy":"category","embeddable":true,"href":"https:\/\/www.europesays.com\/fr\/wp-json\/wp\/v2\/categories?post=176437"},{"taxonomy":"post_tag","embeddable":true,"href":"https:\/\/www.europesays.com\/fr\/wp-json\/wp\/v2\/tags?post=176437"}],"curies":[{"name":"wp","href":"https:\/\/api.w.org\/{rel}","templated":true}]}}