{"id":176452,"date":"2025-06-14T17:50:11","date_gmt":"2025-06-14T17:50:11","guid":{"rendered":"https:\/\/www.europesays.com\/fr\/176452\/"},"modified":"2025-06-14T17:50:11","modified_gmt":"2025-06-14T17:50:11","slug":"victoria-beckham-va-t-elle-devenir-une-lady-avec-lanoblissement-de-david-beckham","status":"publish","type":"post","link":"https:\/\/www.europesays.com\/fr\/176452\/","title":{"rendered":"Victoria Beckham va-t-elle devenir une \u00ab\u00a0lady\u00a0\u00bb avec l\u2019anoblissement de David Beckham\u00a0?"},"content":{"rendered":"<p>David Beckham, ancien capitaine de l\u2019\u00e9quipe d\u2019<a href=\"https:\/\/www.20minutes.fr\/dossier\/angleterre\" class=\"color-ultramarine c-link\" target=\"_blank\" rel=\"noopener\">Angleterre<\/a>, v\u00e9ritable star mondiale, va recevoir le titre de \u00ab\u00a0Sir\u00a0\u00bb des mains du roi <a href=\"https:\/\/www.20minutes.fr\/dossier\/prince_charles\" class=\"color-ultramarine c-link\" target=\"_blank\" rel=\"noopener\">Charles III<\/a> d\u2019Angleterre en devenant Chevalier de l\u2019Ordre de l\u2019Empire britannique. Sa femme, Victoria, devient officiellement \u00ab\u00a0Lady\u00a0\u00bb. Cet honneur, \u00e9tabli en\u00a01917 par le roi George V, vise \u00e0 r\u00e9compenser le courage, la r\u00e9ussite ou les services rendus au Royaume-Uni. Les civils et les militaires sont \u00e9ligibles \u00e0 ce grade.<\/p>\n<p>Avec cet anoblissement par le roi Charles III, l\u2019ancien footballeur et d\u00e9sormais homme d\u2019affaires, devient Sir David Beckham. Son \u00e9pouse devient quant \u00e0 elle Lady Victoria Beckham. La rumeur divulgu\u00e9e par la presse britannique depuis plusieurs semaines a \u00e9t\u00e9 confirm\u00e9e, et ce sera effectif \u00e0 l\u2019occasion de l\u2019anniversaire du roi le 14\u00a0novembre prochain. L\u2019ancien milieu de terrain de <a href=\"https:\/\/www.20minutes.fr\/sport\/manchester_united\/\" class=\"color-ultramarine c-link\" target=\"_blank\" rel=\"noopener\">Manchester United<\/a>, du Real Madrid et du PSG faisait partie de la liste des r\u00e9cipiendaires du titre, honor\u00e9s selon la volont\u00e9 du roi, d\u00e9voil\u00e9e le 5\u00a0juin dernier.<\/p>\n<p>Une r\u00e9cente entrevue entre le roi et David Beckham<\/p>\n<p>Charles III et David Beckham ont \u00e9chang\u00e9 sur le sujet le 20\u00a0mai dernier et le couple \u00e9tait donc au courant. Leur rencontre s\u2019est effectu\u00e9e dans le cadre du Chelsea Flower Show, le rendez-vous londonien consacr\u00e9 aux plantes et aux jardins, qu\u2019appr\u00e9cient particuli\u00e8rement les deux hommes. Le titre de chevalier est l\u2019une des plus prestigieuses distinctions du Royaume-Uni, remise \u00e0 ceux qui ont contribu\u00e9 significativement et rayonn\u00e9 dans leur propre domaine de sp\u00e9cialit\u00e9, au <a href=\"https:\/\/www.20minutes.fr\/monde\/royaume-uni\/\" class=\"color-ultramarine c-link\" target=\"_blank\" rel=\"noopener\">Royaume-Uni<\/a>.<\/p>\n<\/p>\n<p>David Beckham et sa femme Victoria re\u00e7oivent donc cet honneur pour leur travail aupr\u00e8s de plusieurs \u0153uvres caritatives, dont l\u2019<a href=\"https:\/\/www.20minutes.fr\/dossier\/unicef\" class=\"color-ultramarine c-link\" target=\"_blank\" rel=\"noopener\">Unicef<\/a>. Le souverain avait d\u00e9j\u00e0 fait de \u00ab\u00a0Becks\u00a0\u00bb l\u2019ambassadeur de son organisation caritative The King\u2019s Foundation en juin dernier. Les deux hommes avaient \u00e9chang\u00e9 sur les missions de David Beckham. En\u00a02003, il \u00e9tait d\u00e9j\u00e0 devenu officier de l\u2019Ordre de l\u2019Empire britannique par la d\u00e9funte reine Elizabeth II. En d\u00e9cembre dernier, il avait \u00e9t\u00e9 fait ambassadeur de la Royal Foundation en juin\u00a02024 et convi\u00e9 \u00e0 <a href=\"https:\/\/www.20minutes.fr\/dossier\/buckingham_palace\" class=\"color-ultramarine c-link\" target=\"_blank\" rel=\"noopener\">Buckingham Palace<\/a> avec son \u00e9pouse Victoria dans le cadre du voyage officiel au <a href=\"https:\/\/www.20minutes.fr\/dossier\/qatar\" class=\"color-ultramarine c-link\" target=\"_blank\" rel=\"noopener\">Qatar<\/a>.<\/p>\n<blockquote class=\"twitter-tweet\" align=\"center\" data-lang=\"fr_FR\">\n<p lang=\"en\" dir=\"ltr\">David Beckham is at <a href=\"https:\/\/twitter.com\/The_RHS?ref_src=twsrc%5Etfw\" target=\"_blank\" rel=\"noopener\">@The_RHS<\/a> Chelsea Flower Show today and has met the King at the <a href=\"https:\/\/twitter.com\/KingsFdn?ref_src=twsrc%5Etfw\" target=\"_blank\" rel=\"noopener\">@KingsFdn<\/a> stand (he is an ambassador for the King\u2019s charity). Appropriately, he\u2019s wearing the new King\u2019s Rose in his buttonhole \ud83c\udf39 <a href=\"https:\/\/t.co\/iG9Iv8pHEC\">pic.twitter.com\/iG9Iv8pHEC<\/a><\/p>\n<p>\u2014 Rebecca English (@RE_DailyMail) <a href=\"https:\/\/twitter.com\/RE_DailyMail\/status\/1924524792167694474?ref_src=twsrc%5Etfw\" target=\"_blank\" rel=\"noopener\">May 19, 2025<\/a><\/p><\/blockquote>\n<p class=\"mb-m@xs text-l@xs\">En cliquant sur\u00ab J\u2019accepte \u00bb, vous acceptez le d\u00e9p\u00f4t de cookies par des services externes et aurez ainsi acc\u00e8s aux contenus de nos partenaires.<\/p>\n<p class=\"mb-xl@xs text-s@xs\">Plus d\u2019informations sur la page<a href=\"https:\/\/www.20minutes.fr\/gestion-cookies\" class=\"mx-xxs@xs color-ultramarine\" target=\"_blank\" rel=\"noopener\">Politique de gestion des cookies<\/a><\/p>\n<p>J\u2019accepteVictoria Beckham, une \u00ab\u00a0Lady\u00a0\u00bb superstar<\/p>\n<p>L\u2019\u00e9pouse de l\u2019ancien footballeur est devenue styliste apr\u00e8s sa carri\u00e8re plan\u00e9taire en tant que chanteuse des <a href=\"https:\/\/www.20minutes.fr\/dossier\/spice_girls\" class=\"color-ultramarine c-link\" target=\"_blank\" rel=\"noopener\">Spice Girls<\/a>. Elle \u00e9tait alors surnomm\u00e9e \u00ab\u00a0Posh Spice\u00a0\u00bb dans le groupe. Elle et son mari entretiennent des liens \u00e9troits avec les membres de la famille royale. D\u00e9sormais, le couple a \u00e9lu domicile \u00e0 Miami, o\u00f9 David Beckham est pr\u00e9sident du club de football de la ville, l\u2019Inter <a href=\"https:\/\/www.20minutes.fr\/dossier\/miami\" class=\"color-ultramarine c-link\" target=\"_blank\" rel=\"noopener\">Miami<\/a>. Son plus grand succ\u00e8s a \u00e9t\u00e9 de faire signer le meilleur joueur de l\u2019histoire, Leo Messi, en\u00a02023.<\/p>\n<p>David et Victoria Beckham ont mis leur notori\u00e9t\u00e9 au service de la d\u00e9fense de ceux qui en ont le plus besoin, dont les enfants les plus vuln\u00e9rables (malnutrition, Ebola, le <a href=\"https:\/\/www.20minutes.fr\/dossier\/sida\" class=\"color-ultramarine c-link\" target=\"_blank\" rel=\"noopener\">sida<\/a>,\u00a0etc.), en particulier les filles, car David Beckham affirme qu\u2019elles sont \u00ab\u00a0frein\u00e9es par la violence et la discrimination\u00a0\u00bb.<\/p>\n<p><script async src=\"https:\/\/platform.twitter.com\/widgets.js\" charset=\"utf-8\"><\/script><\/p>\n","protected":false},"excerpt":{"rendered":"David Beckham, ancien capitaine de l\u2019\u00e9quipe d\u2019Angleterre, v\u00e9ritable star mondiale, va recevoir le titre de \u00ab\u00a0Sir\u00a0\u00bb des mains&hellip;\n","protected":false},"author":2,"featured_media":176453,"comment_status":"","ping_status":"","sticky":false,"template":"","format":"standard","meta":{"footnotes":""},"categories":[1359],"tags":[4708,581,11193,58,59,63,1011,27,973,553,473,18514,517,6482],"class_list":{"0":"post-176452","1":"post","2":"type-post","3":"status-publish","4":"format-standard","5":"has-post-thumbnail","7":"category-people","8":"tag-angleterre","9":"tag-charles-iii","10":"tag-david-beckham","11":"tag-divertissement","12":"tag-entertainment","13":"tag-football","14":"tag-fr","15":"tag-france","16":"tag-people","17":"tag-roi","18":"tag-royaume-uni","19":"tag-spice-girls","20":"tag-sport","21":"tag-victoria-beckham"},"share_on_mastodon":{"url":"https:\/\/pubeurope.com\/@fr\/114682988000615775","error":""},"_links":{"self":[{"href":"https:\/\/www.europesays.com\/fr\/wp-json\/wp\/v2\/posts\/176452","targetHints":{"allow":["GET"]}}],"collection":[{"href":"https:\/\/www.europesays.com\/fr\/wp-json\/wp\/v2\/posts"}],"about":[{"href":"https:\/\/www.europesays.com\/fr\/wp-json\/wp\/v2\/types\/post"}],"author":[{"embeddable":true,"href":"https:\/\/www.europesays.com\/fr\/wp-json\/wp\/v2\/users\/2"}],"replies":[{"embeddable":true,"href":"https:\/\/www.europesays.com\/fr\/wp-json\/wp\/v2\/comments?post=176452"}],"version-history":[{"count":0,"href":"https:\/\/www.europesays.com\/fr\/wp-json\/wp\/v2\/posts\/176452\/revisions"}],"wp:featuredmedia":[{"embeddable":true,"href":"https:\/\/www.europesays.com\/fr\/wp-json\/wp\/v2\/media\/176453"}],"wp:attachment":[{"href":"https:\/\/www.europesays.com\/fr\/wp-json\/wp\/v2\/media?parent=176452"}],"wp:term":[{"taxonomy":"category","embeddable":true,"href":"https:\/\/www.europesays.com\/fr\/wp-json\/wp\/v2\/categories?post=176452"},{"taxonomy":"post_tag","embeddable":true,"href":"https:\/\/www.europesays.com\/fr\/wp-json\/wp\/v2\/tags?post=176452"}],"curies":[{"name":"wp","href":"https:\/\/api.w.org\/{rel}","templated":true}]}}