{"id":176454,"date":"2025-06-14T17:51:16","date_gmt":"2025-06-14T17:51:16","guid":{"rendered":"https:\/\/www.europesays.com\/fr\/176454\/"},"modified":"2025-06-14T17:51:16","modified_gmt":"2025-06-14T17:51:16","slug":"quatorze-photographes-exposent-aux-grands-larges-a-lorient","status":"publish","type":"post","link":"https:\/\/www.europesays.com\/fr\/176454\/","title":{"rendered":"Quatorze photographes exposent aux Grands Larges, \u00e0 Lorient"},"content":{"rendered":"<p>\u00ab\u00a0La ville, la nuit\u00a0\u00bb \u00e9tait le th\u00e8me choisi cette ann\u00e9e par les membres de la section photo de l\u2019Association sportive artistique et de loisirs (Asal) de Lorient. Un th\u00e8me tr\u00e8s inspirant puisque les quatorze artistes exposent actuellement, une quarantaine de photographies (argentiques et num\u00e9riques) aux Grands Larges. \u00ab\u00a0Cela correspond, pour beaucoup de participants, aux photos prises lors de sorties \u00e0 Lorient (port de p\u00eache, La Base, f\u00eate foraine\u2026). On y retrouve aussi des photos prises \u00e0 l\u2019occasion de voyages\u00a0\u00bb, indique Jean-Yves Paugam, artiste et responsable dans la section. Cette exposition vient clore une saison riche en \u00e9v\u00e9nements apr\u00e8s celle du cercle naval, en avril, et le concours r\u00e9gional de la FCD, tout r\u00e9cemment, \u00e0 Lorient.<\/p>\n<p>Pratique<\/p>\n<p class=\"note\">Jusqu\u2019au vendredi 27 juin, aux Grands Larges, \u00e0 Lorient.<\/p>\n","protected":false},"excerpt":{"rendered":"\u00ab\u00a0La ville, la nuit\u00a0\u00bb \u00e9tait le th\u00e8me choisi cette ann\u00e9e par les membres de la section photo de&hellip;\n","protected":false},"author":2,"featured_media":176455,"comment_status":"","ping_status":"","sticky":false,"template":"","format":"standard","meta":{"footnotes":""},"categories":[1358],"tags":[1348,1384,1385,1386,58,59,3293,1011,27,1781],"class_list":{"0":"post-176454","1":"post","2":"type-post","3":"status-publish","4":"format-standard","5":"has-post-thumbnail","7":"category-arts-et-design","8":"tag-arts","9":"tag-arts-and-design","10":"tag-arts-et-design","11":"tag-design","12":"tag-divertissement","13":"tag-entertainment","14":"tag-exposition","15":"tag-fr","16":"tag-france","17":"tag-lorient"},"share_on_mastodon":{"url":"https:\/\/pubeurope.com\/@fr\/114682992000681635","error":""},"_links":{"self":[{"href":"https:\/\/www.europesays.com\/fr\/wp-json\/wp\/v2\/posts\/176454","targetHints":{"allow":["GET"]}}],"collection":[{"href":"https:\/\/www.europesays.com\/fr\/wp-json\/wp\/v2\/posts"}],"about":[{"href":"https:\/\/www.europesays.com\/fr\/wp-json\/wp\/v2\/types\/post"}],"author":[{"embeddable":true,"href":"https:\/\/www.europesays.com\/fr\/wp-json\/wp\/v2\/users\/2"}],"replies":[{"embeddable":true,"href":"https:\/\/www.europesays.com\/fr\/wp-json\/wp\/v2\/comments?post=176454"}],"version-history":[{"count":0,"href":"https:\/\/www.europesays.com\/fr\/wp-json\/wp\/v2\/posts\/176454\/revisions"}],"wp:featuredmedia":[{"embeddable":true,"href":"https:\/\/www.europesays.com\/fr\/wp-json\/wp\/v2\/media\/176455"}],"wp:attachment":[{"href":"https:\/\/www.europesays.com\/fr\/wp-json\/wp\/v2\/media?parent=176454"}],"wp:term":[{"taxonomy":"category","embeddable":true,"href":"https:\/\/www.europesays.com\/fr\/wp-json\/wp\/v2\/categories?post=176454"},{"taxonomy":"post_tag","embeddable":true,"href":"https:\/\/www.europesays.com\/fr\/wp-json\/wp\/v2\/tags?post=176454"}],"curies":[{"name":"wp","href":"https:\/\/api.w.org\/{rel}","templated":true}]}}