{"id":176456,"date":"2025-06-14T17:52:22","date_gmt":"2025-06-14T17:52:22","guid":{"rendered":"https:\/\/www.europesays.com\/fr\/176456\/"},"modified":"2025-06-14T17:52:22","modified_gmt":"2025-06-14T17:52:22","slug":"partir-en-livre-a-lecurie-des-crins-noirs-le-28-juin-lest-republicain","status":"publish","type":"post","link":"https:\/\/www.europesays.com\/fr\/176456\/","title":{"rendered":"\u00ab Partir en livre \u00bb \u00e0 l\u2019\u00e9curie des Crins Noirs le 28 juin &#8211; L&#039;Est R\u00e9publicain"},"content":{"rendered":"<ol>\n<li><a href=\"https:\/\/news.google.com\/rss\/articles\/CBMirwFBVV95cUxNaEZzbEZhaE5abnlvVTRhcmFKUnhnSUE2aU4zUEJIT2VfUzFjbHpDRmNlOFZIbGtPeFZGV1VObFRuLWZ3ZFROTFlWMnhGbXpYRVFwUVYtUjN5T2JkNks4bXV3SlNEaTRkWGc4T1JiZTB4cFFMTGE5Y1ppZGhDd2d4N3RjLWtMLWQ2WWFnYjR4UG9GVlpGZGZCbjVPQ0ozbjJfdG5QdUtpRDVKUzFGcFVZ?oc=5\" target=\"_blank\" rel=\"noopener\">\u00ab Partir en livre \u00bb \u00e0 l\u2019\u00e9curie des Crins Noirs le 28 juin<\/a>&nbsp;&nbsp;L&rsquo;Est R\u00e9publicain<\/li>\n<li><a href=\"https:\/\/news.google.com\/rss\/articles\/CBMirAFBVV95cUxPcWFfcmJqUWt3b1A5Vzd2Ull3aFVFVGdqV2hiNEJLRURVdFgteTIzVzUtN2E1WUh6Y09US25OUDk1R3F3SUFzNngtU1ZFd282djBhbnRzOVNVcUZMV3BPbkZHMm8xMFkzVHkxTXJsVTJHMDEwR2pUelRKbnRDY1RlcTNKQUxUbG81X2hQcUFGMkxjeTItRkEyeXNqZ3huc1JCN0RHWGxwTWd1TXVT?oc=5\" target=\"_blank\" rel=\"noopener\">Champsaur-Valgaudemar. Partir en livre investit les m\u00e9diath\u00e8ques d\u00e8s ce mardi<\/a>&nbsp;&nbsp;Le Dauphin\u00e9 Lib\u00e9r\u00e9<\/li>\n<li><a href=\"https:\/\/news.google.com\/rss\/articles\/CBMi1AFBVV95cUxPb1FDenBQV1JSYjgxSVRkaWZPa25qMXIwdHhkeE1rTXVoUzliTmJXTzJHNG9EaS1MUmtKMjVRUFFMNEtXU0U2emU5MkVzYURiRGpUMy1pcEt4SnpWMGdha29qUW4zTUUzak9pTEtGdHZFNWhNNHRQSTR0Yllqc29Nekg1bndNTENsQk8yeVZESm9UQW9lWDJ0MzdwYVdFY2FjQTlNU083dms5T2ZWeURlM3pjVzFKYWt5bkxFSXZTbEpnMFB5VENrUVNSbnRTNnhJeEFQeQ?oc=5\" target=\"_blank\" rel=\"noopener\">Val de Briey. Partir en livre : les nouvelles animations au poil des mois de juin et juillet<\/a>&nbsp;&nbsp;Le Republicain Lorrain<\/li>\n<li><a href=\"https:\/\/news.google.com\/rss\/articles\/CBMinAFBVV95cUxQSTNxcU1WUDJkRjdVNEV1LThCN1BRN2t2bEdVUllkMUFRM2drR0MtbDJOQXcyRG1Vb1dCdmlCeG1hMWh4TkxkSy1XUWRvUF9qclMyQkFzNmdIdy1TMmFFT2RGTDBYeFg4NHVCNTk3VlE5aElqR3VmYTI0V1NDQmIzMmRhOWtmSFBnal9SNUZ2QlhpS29PR0MzSDFwRHQ?oc=5\" target=\"_blank\" rel=\"noopener\">Les animaux s\u2019invitent \u00e0 la m\u00e9diath\u00e8que de Revel<\/a>&nbsp;&nbsp;ladepeche.fr<\/li>\n<li><a href=\"https:\/\/news.google.com\/rss\/articles\/CBMizwFBVV95cUxQcW5uSFpQbXFLekRzOUlJc3V6TE1nSEtzMWsyMHh5NzVsVTUyNnRhMXNVTGowLUVnaHh6OUl6Q2lQVDhGdm8xa0VuMnFmYndGZHd2WDdPT3B2eUdBam5ldV9vWTVYbEFmRlFvYXpiTDZpc3NGZGFveXNIVHhma05nczBaSGZiUGJjdFFyUE1leDBueW9WWThsUjl0Z0tqWjZqTC1oN1BMcjVhUF9BTm8yRnBqcXhrb2JGa1JLRnJzdGxyNGtXXzVGbmNnSE1VVXM?oc=5\" target=\"_blank\" rel=\"noopener\">La Chapelle-sur-Erdre. Un \u00e9t\u00e9 pour parler des animaux avec les plus jeunes<\/a>&nbsp;&nbsp;Maville Nantes<\/li>\n<\/ol>\n","protected":false},"excerpt":{"rendered":"\u00ab Partir en livre \u00bb \u00e0 l\u2019\u00e9curie des Crins Noirs le 28 juin&nbsp;&nbsp;L&rsquo;Est R\u00e9publicain Champsaur-Valgaudemar. Partir en livre&hellip;\n","protected":false},"author":2,"featured_media":176457,"comment_status":"","ping_status":"","sticky":false,"template":"","format":"standard","meta":{"footnotes":""},"categories":[1357],"tags":[1379,26908,4406,31224,1687,58,33,3602,59,3326,1011,27,1380,2410,104],"class_list":{"0":"post-176456","1":"post","2":"type-post","3":"status-publish","4":"format-standard","5":"has-post-thumbnail","7":"category-livres","8":"tag-books","9":"tag-cc-de-commercy-void-vaucouleurs-55a","10":"tag-commerce-et-services","11":"tag-commercy","12":"tag-culture-loisirs","13":"tag-divertissement","14":"tag-economie","15":"tag-edition-bar-le-duc","16":"tag-entertainment","17":"tag-fete-locale","18":"tag-fr","19":"tag-france","20":"tag-livres","21":"tag-livres-bd","22":"tag-societe"},"share_on_mastodon":{"url":"https:\/\/pubeurope.com\/@fr\/114682996082080463","error":""},"_links":{"self":[{"href":"https:\/\/www.europesays.com\/fr\/wp-json\/wp\/v2\/posts\/176456","targetHints":{"allow":["GET"]}}],"collection":[{"href":"https:\/\/www.europesays.com\/fr\/wp-json\/wp\/v2\/posts"}],"about":[{"href":"https:\/\/www.europesays.com\/fr\/wp-json\/wp\/v2\/types\/post"}],"author":[{"embeddable":true,"href":"https:\/\/www.europesays.com\/fr\/wp-json\/wp\/v2\/users\/2"}],"replies":[{"embeddable":true,"href":"https:\/\/www.europesays.com\/fr\/wp-json\/wp\/v2\/comments?post=176456"}],"version-history":[{"count":0,"href":"https:\/\/www.europesays.com\/fr\/wp-json\/wp\/v2\/posts\/176456\/revisions"}],"wp:featuredmedia":[{"embeddable":true,"href":"https:\/\/www.europesays.com\/fr\/wp-json\/wp\/v2\/media\/176457"}],"wp:attachment":[{"href":"https:\/\/www.europesays.com\/fr\/wp-json\/wp\/v2\/media?parent=176456"}],"wp:term":[{"taxonomy":"category","embeddable":true,"href":"https:\/\/www.europesays.com\/fr\/wp-json\/wp\/v2\/categories?post=176456"},{"taxonomy":"post_tag","embeddable":true,"href":"https:\/\/www.europesays.com\/fr\/wp-json\/wp\/v2\/tags?post=176456"}],"curies":[{"name":"wp","href":"https:\/\/api.w.org\/{rel}","templated":true}]}}