{"id":176477,"date":"2025-06-14T18:03:09","date_gmt":"2025-06-14T18:03:09","guid":{"rendered":"https:\/\/www.europesays.com\/fr\/176477\/"},"modified":"2025-06-14T18:03:09","modified_gmt":"2025-06-14T18:03:09","slug":"24-heures-du-mans-sortie-de-piste-capot-arriere-arrache-en-video-une-peugeot-se-fait-peur-le-figaro","status":"publish","type":"post","link":"https:\/\/www.europesays.com\/fr\/176477\/","title":{"rendered":"24 heures du Mans : sortie de piste, capot arri\u00e8re arrach\u00e9&#8230; En vid\u00e9o, une Peugeot se fait peur &#8211; Le Figaro"},"content":{"rendered":"<ol>\n<li><a href=\"https:\/\/news.google.com\/rss\/articles\/CBMi2wFBVV95cUxOMTFKOUZIeXRweGhTUm5LdG5BVG1yaGZLWjIxWm0zWE9mNmM4a3MtX3JMTjhvZWZ6Z0lyeEpYZjlQZEd2Zm9LNjdkMDJHWERHRnFCYWNQdGxqc1U3amg0M0RLdENZbkNjTnR3VEtCSjRoSzYtcjlwVVc3TE1jSmxUbExQS2xTU1kzUmZVTDRIeFJkWDNwbEhIYjhLazhLaWRVcVlwbEhadXRYMEwwNEo4dUUzM1A5LWQ0aHF5ZV9ldVRsck1yWEl4NmNkZVFxdzcwbERsTU50MlRZMlE?oc=5\" target=\"_blank\" rel=\"noopener\">24 heures du Mans : sortie de piste, capot arri\u00e8re arrach\u00e9&#8230; En vid\u00e9o, une Peugeot se fait peur<\/a>&nbsp;&nbsp;Le Figaro<\/li>\n<li><a href=\"https:\/\/news.google.com\/rss\/articles\/CBMilAFBVV95cUxQUGZxSGJlaHdrMFdKcjZaekpUZ2VUMzJ0VjFzT21OWGI3eUxHNVlid0JWaG1La01DZk9kc21CZkNZNE1XVHVaajM3R1ZnWW8tWmxjeFBNVFB0TXJ0Vkw1TlBQNWluWEpFTEg4UHp2aFJCWVNaN1d2VU9ZU1haYW4wcFVMRkhmUmkySnNSNFVJWFl1V1hm?oc=5\" target=\"_blank\" rel=\"noopener\">Ferrari en t\u00eate des 24H, Peugeot se prend un mur<\/a>&nbsp;&nbsp;Motorsport.com<\/li>\n<li><a href=\"https:\/\/news.google.com\/rss\/articles\/CBMijwJBVV95cUxOb3RxZ1FlYlpmdlpjX3pJVXhiLTBMd25uejFFbTAxWmpXR0pmanFRTWg5V0ZFNUoxTkxvTjVob3RhTjhGSTF2cVFTZmE5N0xpQ2dVOFIyRmlnZEhsakk5Q1Uzd19TSFdmU1N6VHUzNXBuYUYxa1VLV2ZqeEMyT3RwaUd0MWUwSGZfUEtla1NBZU9HdC1nSzh4Ujl0aXZjcmsyN0FFSVJtQkxaSHUyV3VXTElSZkFyLUtNMk9DaTZCNEdpOEw5NG9NSzZyWnhvUnZwaFQ3Y2dzbmZ1cjBZZGNlVzhpNFp4bEJadUFvc1lpcU1rRG9Od3M1Ymk4YnNNUDQ3ekt2WU9VeUV3NjJYVmtF?oc=5\" target=\"_blank\" rel=\"noopener\">24H du Mans. \u00ab L\u00e0 pour faire de la figuration \u00bb : chez Peugeot, les espoirs sont d\u00e9j\u00e0 envol\u00e9s<\/a>&nbsp;&nbsp;Ouest-France<\/li>\n<li><a href=\"https:\/\/news.google.com\/rss\/articles\/CBMipgFBVV95cUxOSjVsUGdSQlFFSDBBa193ZHdUempvWU9GVXRiekNqeEtYYUZOWWl6WTc4bU5LSl9TcTJVODhDbVhacmJEbnNzb1U2eWo3NUVfY2NxT2V2Wm9QVW5nQkxoT1dNUG5VTGtiM1Z4T202a09rR001U0xJNnYxSWZXRjhpTktRZldUVU9ZcG1kSUI2aWFkWjZrbHZpUnhuRHNVWnc3ZFZPRWlB?oc=5\" target=\"_blank\" rel=\"noopener\">Lo\u00efc Duval : \u00ab On a toujours une chance de gagner au Mans \u00bb<\/a>&nbsp;&nbsp;parismatch.com<\/li>\n<li><a href=\"https:\/\/news.google.com\/rss\/articles\/CBMi6AFBVV95cUxOYnpZR0dlWVVaV0w0cG1GMGV6ZldPTnJZaldqSDlRQ0xYVmw5Z1FYcW9iTy1TMm05Sm1WU1Jmam5YSDg1VkVqWjZ1LU9mZlo0a2hBVW1pSl96QmVDRnZvX1hQM01DdXRSVTBTVmxwOFdOMmltX3lsRXRRek5VTTQ3bm9MN3hjVkYzd1RWWkp4clBzbGhobXZIRS0tNm1rS2pEN2VWLVdLTVJRNUczNFJ2ZXpLUzgzcXZ6SklyTjVvUmszRkFBLXJvOWlyMHNMaFZmdlpodDRwSFpmNDIxRkFxdG92a1dGdGlF?oc=5\" target=\"_blank\" rel=\"noopener\">\u00ab\u00a0En toute objectivit\u00e9\u2026\u00a0\u00bb Calvaire en vue pour Peugeot aux 24H du Mans, un pilote sans espoir<\/a>&nbsp;&nbsp;Linternaute.com<\/li>\n<\/ol>\n","protected":false},"excerpt":{"rendered":"24 heures du Mans : sortie de piste, capot arri\u00e8re arrach\u00e9&#8230; En vid\u00e9o, une Peugeot se fait peur&nbsp;&nbsp;Le&hellip;\n","protected":false},"author":2,"featured_media":176478,"comment_status":"","ping_status":"","sticky":false,"template":"","format":"standard","meta":{"footnotes":""},"categories":[2],"tags":[2466,10312,2465,2464,11,1977,1981,451,207,2468,63,1454,1011,27,66,447,2467,1457,2182,12,7526,1980,479,2259,1467],"class_list":{"0":"post-176477","1":"post","2":"type-post","3":"status-publish","4":"format-standard","5":"has-post-thumbnail","7":"category-actualites","8":"tag-2466","9":"tag-24-heures-du-mans","10":"tag-actu-sport","11":"tag-actualite-sportive","12":"tag-actualites","13":"tag-auto","14":"tag-classement","15":"tag-coupe-du-monde","16":"tag-cyclisme","17":"tag-euro-foot","18":"tag-football","19":"tag-formule-1","20":"tag-fr","21":"tag-france","22":"tag-ligue-1","23":"tag-ligue-des-champions","24":"tag-live-sport","25":"tag-moto","26":"tag-nba","27":"tag-news","28":"tag-peugeot","29":"tag-resultats","30":"tag-rugby","31":"tag-score","32":"tag-tennis"},"share_on_mastodon":{"url":"https:\/\/pubeurope.com\/@fr\/114683039326324502","error":""},"_links":{"self":[{"href":"https:\/\/www.europesays.com\/fr\/wp-json\/wp\/v2\/posts\/176477","targetHints":{"allow":["GET"]}}],"collection":[{"href":"https:\/\/www.europesays.com\/fr\/wp-json\/wp\/v2\/posts"}],"about":[{"href":"https:\/\/www.europesays.com\/fr\/wp-json\/wp\/v2\/types\/post"}],"author":[{"embeddable":true,"href":"https:\/\/www.europesays.com\/fr\/wp-json\/wp\/v2\/users\/2"}],"replies":[{"embeddable":true,"href":"https:\/\/www.europesays.com\/fr\/wp-json\/wp\/v2\/comments?post=176477"}],"version-history":[{"count":0,"href":"https:\/\/www.europesays.com\/fr\/wp-json\/wp\/v2\/posts\/176477\/revisions"}],"wp:featuredmedia":[{"embeddable":true,"href":"https:\/\/www.europesays.com\/fr\/wp-json\/wp\/v2\/media\/176478"}],"wp:attachment":[{"href":"https:\/\/www.europesays.com\/fr\/wp-json\/wp\/v2\/media?parent=176477"}],"wp:term":[{"taxonomy":"category","embeddable":true,"href":"https:\/\/www.europesays.com\/fr\/wp-json\/wp\/v2\/categories?post=176477"},{"taxonomy":"post_tag","embeddable":true,"href":"https:\/\/www.europesays.com\/fr\/wp-json\/wp\/v2\/tags?post=176477"}],"curies":[{"name":"wp","href":"https:\/\/api.w.org\/{rel}","templated":true}]}}