{"id":176479,"date":"2025-06-14T18:04:16","date_gmt":"2025-06-14T18:04:16","guid":{"rendered":"https:\/\/www.europesays.com\/fr\/176479\/"},"modified":"2025-06-14T18:04:16","modified_gmt":"2025-06-14T18:04:16","slug":"loire-deux-adolescents-meurent-noyes-a-saint-victor-sur-loire","status":"publish","type":"post","link":"https:\/\/www.europesays.com\/fr\/176479\/","title":{"rendered":"Loire. Deux adolescents meurent noy\u00e9s \u00e0 Saint-Victor-sur-Loire"},"content":{"rendered":"<p>La chaleur \u00e9touffante de ce samedi 14 juin 2025 avait incit\u00e9 de nombreux habitants de l\u2019agglom\u00e9ration st\u00e9phanoise d\u2019aller chercher de la fra\u00eecheur en bords de Loire. C\u2019\u00e9tait le cas d\u2019un groupe d\u2019une quinzaine de jeunes qui avaient choisi, plut\u00f4t que l\u2019affluence de la base nautique de Saint-Victor-sur-Loire, un lieu plus \u00e0 l\u2019\u00e9cart, plus sauvage.<\/p>\n<p>Ils se sont rendus, en bus, de Saint-\u00c9tienne \u00e0 Unieux, avant de marcher pendant 2 km sur un chemin escarp\u00e9 vers La Noirie, un lieu-dit en bordure du fleuve \u00e0 cheval entre les territoires de Saint-Victor-sur-Loire et d\u2019Unieux \u00e0 proximit\u00e9 du Pertuiset.<\/p>\n<p>Une des deux victimes morte en tentant de sauver son ami<\/p>\n<p>C\u2019est l\u00e0 que le drame a eu lieu. Peu de temps apr\u00e8s leur arriv\u00e9e, en tout d\u00e9but d\u2019apr\u00e8s-midi, un des membres du groupe a plong\u00e9 d\u2019un rocher mais s\u2019est trouv\u00e9 tr\u00e8s vite en difficult\u00e9 dans l\u2019eau, profonde \u00e0 cet endroit. Deux de ses amis ont saut\u00e9 dans le fleuve, \u00e0 leur tour, pour le secourir. Un a pu remonter, pas le second.<\/p>\n<p>Les jeunes ont imm\u00e9diatement appel\u00e9 les pompiers (trente-quatre ont particip\u00e9 \u00e0 l\u2019intervention) qui se sont rapidement rendus sur place malgr\u00e9 les difficult\u00e9s d\u2019acc\u00e8s. Ils ont pu localiser les deux victimes, en arr\u00eat cardio-respiratoire, et les remonter \u00e0 la surface. Le Samu, \u00e0 bord de son h\u00e9licopt\u00e8re qui s\u2019est pos\u00e9 sur le terrain de foot d\u2019Unieux, est vite venu en renfort.<\/p>\n<p>Les tentatives de r\u00e9animation ont dur\u00e9 de longues dizaines de minutes. Un des deux adolescents a \u00e9t\u00e9 d\u00e9clar\u00e9 mort sur place. Son ami a pu \u00eatre bri\u00e8vement ranim\u00e9, il d\u00e9c\u00e9dera durant le trajet en direction de l\u2019h\u00f4pital Nord. Les deux victimes avaient 14 et 15 ans et habitaient Saint-\u00c9tienne. Une enqu\u00eate pour recherche des causes de la mort a \u00e9t\u00e9 ouverte.<\/p>\n<p>Une cellule d\u2019aide psychologique mise en place<\/p>\n<p>Les autres membres du groupe d\u2019adolescents, profond\u00e9ment choqu\u00e9s, ont \u00e9t\u00e9 entendus comme t\u00e9moins au commissariat du cours Fauriel o\u00f9 une cellule d\u2019aide psychologique a \u00e9t\u00e9 mise en place pour les accompagner apr\u00e8s ce tragique apr\u00e8s-midi.<\/p>\n<p>Le maire de Saint-\u00c9tienne, <a href=\"https:\/\/www.leprogres.fr\/p\/gael-perdriau\" target=\"_blank\" rel=\"noopener\">Ga\u00ebl Perdriau<\/a>, rapidement pr\u00e9venu, s\u2019est rendu sur les lieux. \u00ab Mes premi\u00e8res pens\u00e9es vont \u00e9videmment aux familles, il n\u2019y a rien de pire pour un parent que de perdre un enfant, nous a-t-il confi\u00e9s au t\u00e9l\u00e9phone. Je pense aussi \u00e0 leurs amis qui seront marqu\u00e9s \u00e0 vie et aux secours qui ont tout fait pour les sauver. C\u2019est un drame terrible pour toute la ville. \u00bb<\/p>\n<p>Ces derni\u00e8res ann\u00e9es, deux personnes ont perdu la vie par noyade \u00e0 proximit\u00e9 des lieux du drame : <a href=\"https:\/\/www.leprogres.fr\/faits-divers-justice\/2020\/08\/22\/noyade-un-baigneur-de-21-ans-perd-la-vie-a-saint-victor-sur-loire\" target=\"_blank\" rel=\"noopener\">un jeune homme de 21 ans<\/a> alors qu\u2019il se baignait dans la base nautique en ao\u00fbt 2020 et <a href=\"https:\/\/www.leprogres.fr\/faits-divers-justice\/2023\/07\/20\/noyade-l-adolescent-de-15-ans-repeche-n-a-pas-survecu\" target=\"_blank\" rel=\"noopener\">un adolescent de 15 ans<\/a> en juillet 2023 qui nageait dans une zone non surveill\u00e9e.<\/p>\n","protected":false},"excerpt":{"rendered":"La chaleur \u00e9touffante de ce samedi 14 juin 2025 avait incit\u00e9 de nombreux habitants de l\u2019agglom\u00e9ration st\u00e9phanoise d\u2019aller&hellip;\n","protected":false},"author":2,"featured_media":176480,"comment_status":"","ping_status":"","sticky":false,"template":"","format":"standard","meta":{"footnotes":""},"categories":[9653],"tags":[119,1111,11,2430,7539,1777,674,274,107,1011,27,3367,12,25,4001,14024,14025],"class_list":{"0":"post-176479","1":"post","2":"type-post","3":"status-publish","4":"format-standard","5":"has-post-thumbnail","7":"category-saint-etienne","8":"tag-accident","9":"tag-actu","10":"tag-actualites","11":"tag-auvergne-rhone-alpes","12":"tag-edition-loire-sud","13":"tag-eu","14":"tag-europe","15":"tag-faits-divers-justice","16":"tag-fil-info","17":"tag-fr","18":"tag-france","19":"tag-loire","20":"tag-news","21":"tag-republique-francaise","22":"tag-saint-etienne","23":"tag-unieux","24":"tag-unieux-bassin"},"share_on_mastodon":{"url":"https:\/\/pubeurope.com\/@fr\/114683043109039376","error":""},"_links":{"self":[{"href":"https:\/\/www.europesays.com\/fr\/wp-json\/wp\/v2\/posts\/176479","targetHints":{"allow":["GET"]}}],"collection":[{"href":"https:\/\/www.europesays.com\/fr\/wp-json\/wp\/v2\/posts"}],"about":[{"href":"https:\/\/www.europesays.com\/fr\/wp-json\/wp\/v2\/types\/post"}],"author":[{"embeddable":true,"href":"https:\/\/www.europesays.com\/fr\/wp-json\/wp\/v2\/users\/2"}],"replies":[{"embeddable":true,"href":"https:\/\/www.europesays.com\/fr\/wp-json\/wp\/v2\/comments?post=176479"}],"version-history":[{"count":0,"href":"https:\/\/www.europesays.com\/fr\/wp-json\/wp\/v2\/posts\/176479\/revisions"}],"wp:featuredmedia":[{"embeddable":true,"href":"https:\/\/www.europesays.com\/fr\/wp-json\/wp\/v2\/media\/176480"}],"wp:attachment":[{"href":"https:\/\/www.europesays.com\/fr\/wp-json\/wp\/v2\/media?parent=176479"}],"wp:term":[{"taxonomy":"category","embeddable":true,"href":"https:\/\/www.europesays.com\/fr\/wp-json\/wp\/v2\/categories?post=176479"},{"taxonomy":"post_tag","embeddable":true,"href":"https:\/\/www.europesays.com\/fr\/wp-json\/wp\/v2\/tags?post=176479"}],"curies":[{"name":"wp","href":"https:\/\/api.w.org\/{rel}","templated":true}]}}