{"id":176483,"date":"2025-06-14T18:06:11","date_gmt":"2025-06-14T18:06:11","guid":{"rendered":"https:\/\/www.europesays.com\/fr\/176483\/"},"modified":"2025-06-14T18:06:11","modified_gmt":"2025-06-14T18:06:11","slug":"jasseron-le-concours-de-petanque-de-lamicale-loisirs-et-rencontres-etait-complet","status":"publish","type":"post","link":"https:\/\/www.europesays.com\/fr\/176483\/","title":{"rendered":"Jasseron. Le concours de p\u00e9tanque de l\u2019amicale Loisirs et Rencontres \u00e9tait complet"},"content":{"rendered":"<p>Lundi 9\u00a0juin apr\u00e8s-midi, en cl\u00f4ture des animations propos\u00e9es lors du week-end de vogue de Jasseron, le concours de p\u00e9tanque habituel organis\u00e9 par l\u2019amicale Loisirs et Rencontres a affich\u00e9 complet avec 64 doublettes, le maximum admis par les organisateurs sur le terrain. Des trois doublettes f\u00e9minines, Carole et Myriam de Tossiat, se sont qualifi\u00e9es pour les 8e\u00a0 de finale en gagnant les 3 parties de leur poule. La finale a vu s\u2019affronter la doublette Youmi Buy et Rudi Foray de Bourg, vainqueure de Mayram et Pierre Sigler de Bourg.<\/p>\n","protected":false},"excerpt":{"rendered":"Lundi 9\u00a0juin apr\u00e8s-midi, en cl\u00f4ture des animations propos\u00e9es lors du week-end de vogue de Jasseron, le concours de&hellip;\n","protected":false},"author":2,"featured_media":176484,"comment_status":"","ping_status":"","sticky":false,"template":"","format":"standard","meta":{"footnotes":""},"categories":[9635],"tags":[1111,11,15648,6751,1777,674,1011,27,775,15647,1702,12,25,104,1631],"class_list":{"0":"post-176483","1":"post","2":"type-post","3":"status-publish","4":"format-standard","5":"has-post-thumbnail","7":"category-nancy","8":"tag-actu","9":"tag-actualites","10":"tag-ceyzeriat-bassin","11":"tag-edition-ain-ouest","12":"tag-eu","13":"tag-europe","14":"tag-fr","15":"tag-france","16":"tag-grand-est","17":"tag-jasseron","18":"tag-nancy","19":"tag-news","20":"tag-republique-francaise","21":"tag-societe","22":"tag-vie-associative"},"share_on_mastodon":{"url":"https:\/\/pubeurope.com\/@fr\/114683051026553418","error":""},"_links":{"self":[{"href":"https:\/\/www.europesays.com\/fr\/wp-json\/wp\/v2\/posts\/176483","targetHints":{"allow":["GET"]}}],"collection":[{"href":"https:\/\/www.europesays.com\/fr\/wp-json\/wp\/v2\/posts"}],"about":[{"href":"https:\/\/www.europesays.com\/fr\/wp-json\/wp\/v2\/types\/post"}],"author":[{"embeddable":true,"href":"https:\/\/www.europesays.com\/fr\/wp-json\/wp\/v2\/users\/2"}],"replies":[{"embeddable":true,"href":"https:\/\/www.europesays.com\/fr\/wp-json\/wp\/v2\/comments?post=176483"}],"version-history":[{"count":0,"href":"https:\/\/www.europesays.com\/fr\/wp-json\/wp\/v2\/posts\/176483\/revisions"}],"wp:featuredmedia":[{"embeddable":true,"href":"https:\/\/www.europesays.com\/fr\/wp-json\/wp\/v2\/media\/176484"}],"wp:attachment":[{"href":"https:\/\/www.europesays.com\/fr\/wp-json\/wp\/v2\/media?parent=176483"}],"wp:term":[{"taxonomy":"category","embeddable":true,"href":"https:\/\/www.europesays.com\/fr\/wp-json\/wp\/v2\/categories?post=176483"},{"taxonomy":"post_tag","embeddable":true,"href":"https:\/\/www.europesays.com\/fr\/wp-json\/wp\/v2\/tags?post=176483"}],"curies":[{"name":"wp","href":"https:\/\/api.w.org\/{rel}","templated":true}]}}