{"id":176491,"date":"2025-06-14T18:10:14","date_gmt":"2025-06-14T18:10:14","guid":{"rendered":"https:\/\/www.europesays.com\/fr\/176491\/"},"modified":"2025-06-14T18:10:14","modified_gmt":"2025-06-14T18:10:14","slug":"connaissez-vous-les-bons-gestes-face-au-risque-dincendie","status":"publish","type":"post","link":"https:\/\/www.europesays.com\/fr\/176491\/","title":{"rendered":"connaissez-vous les bons gestes face au risque d\u2019incendie\u00a0?"},"content":{"rendered":"<p>            Par<br \/>\n        <strong><br \/>\n            <a href=\"https:\/\/actu.fr\/auteur\/metropoop\" title=\"Consulter tous les articles de R\u00e9daction M\u00e9tropolitain\" rel=\"nofollow noopener\" target=\"_blank\">R\u00e9daction M\u00e9tropolitain<\/a><br \/>\n        <\/strong><\/p>\n<p>        Publi\u00e9 le<\/p>\n<p>            14 juin 2025 \u00e0 19h02        <\/p>\n<p>La saison des feux de for\u00eat d\u00e9bute chaque ann\u00e9e <strong>autour du 16 juin<\/strong>. \u00c0 Montpellier, cette date marque le d\u00e9but d\u2019une vigilance accrue. Le Nord de la ville, bois\u00e9 et sec en \u00e9t\u00e9, figure parmi les secteurs les plus expos\u00e9s du d\u00e9partement. Le bois de Montmaur, la r\u00e9serve naturelle du Lez, le parc zoologique, le ch\u00e2teau d\u2019O ou encore la pin\u00e8de de la Paillade constituent autant de zones vuln\u00e9rables.<\/p>\n<p class=\" wall-content\">En 2024, <strong>40 d\u00e9parts de feu<\/strong> ont \u00e9t\u00e9 recens\u00e9s sur l\u2019agglom\u00e9ration, dont 28 pendant l\u2019\u00e9t\u00e9. Au total, 378 hectares de v\u00e9g\u00e9tation ont br\u00fbl\u00e9, <a href=\"https:\/\/bdiff.agriculture.gouv.fr\" rel=\"nofollow noopener\" target=\"_blank\">selon la base de donn\u00e9es sur les incendies de for\u00eat en France<\/a>. \u00c0 ces chiffres s\u2019ajoutent les cons\u00e9quences invisibles : une pollution massive, une d\u00e9gradation de l\u2019air, un bouleversement des \u00e9cosyst\u00e8mes et un impact direct sur la faune et la flore locales.<strong> 94 % des incendies<\/strong> ont une cause humaine. Plus alarmant encore : un feu sur deux r\u00e9sulte d\u2019une simple imprudence. Les m\u00e9gots jet\u00e9s au sol, les barbecues sauvages, les travaux non ma\u00eetris\u00e9s ou les feux de camp font partie des premi\u00e8res causes recens\u00e9es. Les activit\u00e9s agricoles et les chantiers professionnels sont aussi concern\u00e9s. L\u2019usage d\u2019outils produisant des \u00e9tincelles peut suffire \u00e0 provoquer un d\u00e9part de feu. Chaque \u00e9t\u00e9, plusieurs arr\u00eat\u00e9s pr\u00e9fectoraux viennent encadrer ces pratiques. Ils restreignent ou interdisent certains travaux dans les zones sensibles et dans un p\u00e9rim\u00e8tre de<strong> 200 m\u00e8tres autour<\/strong>.<\/p>\n<p>Des gestes simples mais cruciaux<\/p>\n<p class=\" wall-content\">La Ville appelle les habitants \u00e0 une vigilance active. Elle rappelle en premier lieu l\u2019obligation l\u00e9gale de d\u00e9broussaillement. Cette mesure vise \u00e0 r\u00e9duire les risques d\u2019embrasement autour des habitations situ\u00e9es en zone expos\u00e9e. Les propri\u00e9taires concern\u00e9s doivent l\u2019avoir r\u00e9alis\u00e9e avant l\u2019entr\u00e9e dans la p\u00e9riode \u00e0 risque. Autre r\u00e9flexe utile : disposer d\u2019un point d\u2019eau ou d\u2019un mat\u00e9riel adapt\u00e9 pour \u00e9teindre un d\u00e9but de feu. En cas de vent fort ou de s\u00e9cheresse prononc\u00e9e, ces pr\u00e9cautions peuvent faire la diff\u00e9rence. Il est aussi recommand\u00e9 de suivre la m\u00e9t\u00e9o des for\u00eats, mise \u00e0 jour quotidiennement <a href=\"https:\/\/meteofrance.com\/meteo-des-forets\" rel=\"nofollow noopener\" target=\"_blank\">par M\u00e9t\u00e9o France<\/a>. Elle renseigne sur le niveau de vigilance et les restrictions en vigueur. <a href=\"https:\/\/www.risque-prevention-incendie.fr\/herault\/\" rel=\"nofollow noopener\" target=\"_blank\">Une carte d\u00e9partementale<\/a> compl\u00e8te ces donn\u00e9es en indiquant les interdictions sp\u00e9cifiques : usage du feu, acc\u00e8s aux bois, travaux, etc.<\/p>\n<p class=\" wall-content\">Certains lieux tr\u00e8s fr\u00e9quent\u00e9s peuvent \u00eatre temporairement ferm\u00e9s. C\u2019est le cas du zoo de Lunaret ou de la r\u00e9serve naturelle du Lez, selon les niveaux de risque. La municipalit\u00e9 invite les habitants \u00e0 reporter leurs sorties ou activit\u00e9s de plein air en cas d\u2019alerte. Pour se tenir inform\u00e9, les habitants peuvent s\u2019inscrire \u00e0 la <a href=\"https:\/\/www.montpellier.fr\/vie-quotidienne\/vivre-ici\/urgences-securite-et-prevention\/je-me-prepare-a-une-situation-d-urgence\/connaitre-les-moyens-d-informations-et-d-alerte\" rel=\"nofollow noopener\" target=\"_blank\">T\u00e9l\u00e9alerte de la Ville<\/a>. Ce syst\u00e8me d\u2019alerte pr\u00e9vient les abonn\u00e9s en cas de danger majeur, notamment lors d\u2019un pic de vigilance incendie. Si un feu se d\u00e9clare, chaque minute compte. La premi\u00e8re consigne est d\u2019alerter les pompiers en appelant <strong>le 112 ou le 18<\/strong>. Il faut ensuite lib\u00e9rer les voies d\u2019acc\u00e8s et fermer les arriv\u00e9es de gaz et d\u2019\u00e9lectricit\u00e9. En aucun cas, il ne faut tenter de fuir en s\u2019exposant directement aux flammes.<\/p>\n<p class=\" wall-content\">Suivez toute l\u2019actualit\u00e9 de vos villes et m\u00e9dias favoris en vous inscrivant \u00e0 <a href=\"https:\/\/moncompte.actu.fr\" title=\"D\u00e9couvez Mon Actu\" rel=\"nofollow noopener\" data-trk=\"{&quot;cta&quot;:{&quot;action&quot;:&quot;https:\\\/\\\/moncompte.actu.fr&quot;,&quot;category&quot;:&quot;mon compte&quot;,&quot;from&quot;:&quot;article footer&quot;,&quot;name&quot;:&quot;Mon actu&quot;,&quot;type&quot;:&quot;cta&quot;}}\" target=\"_blank\">Mon Actu<\/a>.<\/p>\n","protected":false},"excerpt":{"rendered":"Par R\u00e9daction M\u00e9tropolitain Publi\u00e9 le 14 juin 2025 \u00e0 19h02 La saison des feux de for\u00eat d\u00e9bute chaque&hellip;\n","protected":false},"author":2,"featured_media":176492,"comment_status":"","ping_status":"","sticky":false,"template":"","format":"standard","meta":{"footnotes":""},"categories":[9599],"tags":[1111,11,1777,674,5183,1011,27,1310,2208,12,2680,1311,25,104],"class_list":{"0":"post-176491","1":"post","2":"type-post","3":"status-publish","4":"format-standard","5":"has-post-thumbnail","7":"category-montpellier","8":"tag-actu","9":"tag-actualites","10":"tag-eu","11":"tag-europe","12":"tag-foret","13":"tag-fr","14":"tag-france","15":"tag-incendie","16":"tag-montpellier","17":"tag-news","18":"tag-occitanie","19":"tag-pompiers","20":"tag-republique-francaise","21":"tag-societe"},"share_on_mastodon":{"url":"https:\/\/pubeurope.com\/@fr\/114683066879361643","error":""},"_links":{"self":[{"href":"https:\/\/www.europesays.com\/fr\/wp-json\/wp\/v2\/posts\/176491","targetHints":{"allow":["GET"]}}],"collection":[{"href":"https:\/\/www.europesays.com\/fr\/wp-json\/wp\/v2\/posts"}],"about":[{"href":"https:\/\/www.europesays.com\/fr\/wp-json\/wp\/v2\/types\/post"}],"author":[{"embeddable":true,"href":"https:\/\/www.europesays.com\/fr\/wp-json\/wp\/v2\/users\/2"}],"replies":[{"embeddable":true,"href":"https:\/\/www.europesays.com\/fr\/wp-json\/wp\/v2\/comments?post=176491"}],"version-history":[{"count":0,"href":"https:\/\/www.europesays.com\/fr\/wp-json\/wp\/v2\/posts\/176491\/revisions"}],"wp:featuredmedia":[{"embeddable":true,"href":"https:\/\/www.europesays.com\/fr\/wp-json\/wp\/v2\/media\/176492"}],"wp:attachment":[{"href":"https:\/\/www.europesays.com\/fr\/wp-json\/wp\/v2\/media?parent=176491"}],"wp:term":[{"taxonomy":"category","embeddable":true,"href":"https:\/\/www.europesays.com\/fr\/wp-json\/wp\/v2\/categories?post=176491"},{"taxonomy":"post_tag","embeddable":true,"href":"https:\/\/www.europesays.com\/fr\/wp-json\/wp\/v2\/tags?post=176491"}],"curies":[{"name":"wp","href":"https:\/\/api.w.org\/{rel}","templated":true}]}}