{"id":176497,"date":"2025-06-14T18:14:27","date_gmt":"2025-06-14T18:14:27","guid":{"rendered":"https:\/\/www.europesays.com\/fr\/176497\/"},"modified":"2025-06-14T18:14:27","modified_gmt":"2025-06-14T18:14:27","slug":"environ-1-000-personnes-defilent-a-grenoble","status":"publish","type":"post","link":"https:\/\/www.europesays.com\/fr\/176497\/","title":{"rendered":"environ 1 000 personnes d\u00e9filent \u00e0 Grenoble"},"content":{"rendered":"<p>\u00ab\u00a0Il faut arr\u00eater de tuer de gens\u00a0\u00bb, \u00ab\u00a0Il faut une prise de conscience\u00a0\u00bb, \u00ab\u00a0Tout le monde a le droit \u00e0 la paix, Palestiniens comme Isra\u00e9liens\u00a0\u00bb&#8230; Comme Joseph, Fanny ou encore Alain, un millier de personnes ont particip\u00e9 \u00e0 la manifestation grenobloise en soutien \u00e0 la Palestine, ce samedi 14 juin. Citoyens et militants politiques ou syndicaux ont, le temps d&rsquo;un d\u00e9fil\u00e9 entre la place Victor-Hugo et l&rsquo;h\u00f4tel de ville, d\u00e9nonc\u00e9 la politique du gouvernement isra\u00e9lien et r\u00e9clam\u00e9 la cr\u00e9ation d&rsquo;un Etat palestinien.\u00a0<\/p>\n<p>\u00ab\u00a0Gaza, Grenoble est avec toi\u00a0\u00bb, \u00ab\u00a0Nous sommes tous enfants de Gaza\u00a0\u00bb sont les principaux slogans qu&rsquo;on pouvait entendre au d\u00e9but du d\u00e9fil\u00e9&#8230; Avant d&rsquo;autres plus politiques : \u00ab\u00a0Isra\u00ebl assassin, Macron complice\u00a0\u00bb ou \u00ab\u00a0Gaza vaincra\u00a0\u00bb.<\/p>\n<p>Devant mairie, les manifestants ont pour finir scand\u00e9 des slogans, r\u00e9clamant la fin du jumelage entre Grenoble et la ville isra\u00e9lienne de\u00a0Rehovot.\u00a0\u00a0<\/p>\n","protected":false},"excerpt":{"rendered":"\u00ab\u00a0Il faut arr\u00eater de tuer de gens\u00a0\u00bb, \u00ab\u00a0Il faut une prise de conscience\u00a0\u00bb, \u00ab\u00a0Tout le monde a le&hellip;\n","protected":false},"author":2,"featured_media":176498,"comment_status":"","ping_status":"","sticky":false,"template":"","format":"standard","meta":{"footnotes":""},"categories":[9566],"tags":[1111,11,2430,3206,112,1777,674,1011,27,2731,108,12,25],"class_list":{"0":"post-176497","1":"post","2":"type-post","3":"status-publish","4":"format-standard","5":"has-post-thumbnail","7":"category-grenoble","8":"tag-actu","9":"tag-actualites","10":"tag-auvergne-rhone-alpes","11":"tag-defense-guerre-conflit","12":"tag-edition-grenoble-agglomeration","13":"tag-eu","14":"tag-europe","15":"tag-fr","16":"tag-france","17":"tag-grenoble","18":"tag-isere","19":"tag-news","20":"tag-republique-francaise"},"share_on_mastodon":{"url":"https:\/\/pubeurope.com\/@fr\/114683082395266347","error":""},"_links":{"self":[{"href":"https:\/\/www.europesays.com\/fr\/wp-json\/wp\/v2\/posts\/176497","targetHints":{"allow":["GET"]}}],"collection":[{"href":"https:\/\/www.europesays.com\/fr\/wp-json\/wp\/v2\/posts"}],"about":[{"href":"https:\/\/www.europesays.com\/fr\/wp-json\/wp\/v2\/types\/post"}],"author":[{"embeddable":true,"href":"https:\/\/www.europesays.com\/fr\/wp-json\/wp\/v2\/users\/2"}],"replies":[{"embeddable":true,"href":"https:\/\/www.europesays.com\/fr\/wp-json\/wp\/v2\/comments?post=176497"}],"version-history":[{"count":0,"href":"https:\/\/www.europesays.com\/fr\/wp-json\/wp\/v2\/posts\/176497\/revisions"}],"wp:featuredmedia":[{"embeddable":true,"href":"https:\/\/www.europesays.com\/fr\/wp-json\/wp\/v2\/media\/176498"}],"wp:attachment":[{"href":"https:\/\/www.europesays.com\/fr\/wp-json\/wp\/v2\/media?parent=176497"}],"wp:term":[{"taxonomy":"category","embeddable":true,"href":"https:\/\/www.europesays.com\/fr\/wp-json\/wp\/v2\/categories?post=176497"},{"taxonomy":"post_tag","embeddable":true,"href":"https:\/\/www.europesays.com\/fr\/wp-json\/wp\/v2\/tags?post=176497"}],"curies":[{"name":"wp","href":"https:\/\/api.w.org\/{rel}","templated":true}]}}