{"id":176505,"date":"2025-06-14T18:18:12","date_gmt":"2025-06-14T18:18:12","guid":{"rendered":"https:\/\/www.europesays.com\/fr\/176505\/"},"modified":"2025-06-14T18:18:12","modified_gmt":"2025-06-14T18:18:12","slug":"cette-semaine-on-monte-le-son-2","status":"publish","type":"post","link":"https:\/\/www.europesays.com\/fr\/176505\/","title":{"rendered":"cette semaine, on monte le son"},"content":{"rendered":"<p>Contre-temps d\u00e9pose chaque ann\u00e9e en juin sa nappe \u00e9lectro sur Strasbourg. Diverses soir\u00e9es sont programm\u00e9es, notamment cette semaine o\u00f9 les t\u00eates d\u2019affiche vont encha\u00eener derri\u00e8re machines et platines. Chez Damier (Chicago) donne le \u00ab\u00a0la\u00a0\u00bb ce mardi\u00a017 au Karmen Camina (ancienne manufacture de tabac \u00e0 la Krutenau) dans une formule in\u00e9dite qui d\u00e9marrera par un \u00e9change avec l\u2019artiste (19\u00a0h\u00a030-20\u00a0h) avant que le virtuose de la house -second\u00e9 par El Kazed (Strasbourg)- ne prenne les manettes du clubbing (21\u00a0h).<\/p>\n<p>Changement de d\u00e9cor le mercredi\u00a018 (18\u00a0h-22\u00a0h, gratuit) au Phare Citadelle o\u00f9 seront expos\u00e9es les \u0153uvres d\u2019Ori Toor (artiste qui a r\u00e9alis\u00e9 le visuel 2025 du festival). C\u00f4t\u00e9 musique, on aura Rebeccas Vasmant (\u00c9cosse) et June Sui-Chong (Strasbourg). Mais l\u2019\u00e9v\u00e9nement phare de cette semaine restera la venue de la pointure hexagonale Guts, pour un soundtrip, le jeudi\u00a019 (22\u00a0h) \u00e0 la P\u00e9niche M\u00e9canique o\u00f9 il sera accompagn\u00e9 Ben G (Strasbourg).<\/p>\n<p>\u00c0 noter encore Prosumer (vendredi, 23\u00a0h aux Studios du Rhin) et la f\u00eate de la musique que Contre-temps c\u00e9l\u00e9brera samedi 18\u00a0h au People Hostel (ancienne manufacture de tabac \u00e0 la Krutenau). Bien d\u2019autres soir\u00e9es compl\u00e9teront le programme jusqu\u2019au fameux Final beat du 28\u00a0juin orchestr\u00e9 comme chaque ann\u00e9e au Maillon.<\/p>\n<p class=\"note\">Programme complet et billetterie sur www.contre-temps.net<\/p>\n","protected":false},"excerpt":{"rendered":"Contre-temps d\u00e9pose chaque ann\u00e9e en juin sa nappe \u00e9lectro sur Strasbourg. Diverses soir\u00e9es sont programm\u00e9es, notamment cette semaine&hellip;\n","protected":false},"author":2,"featured_media":176506,"comment_status":"","ping_status":"","sticky":false,"template":"","format":"standard","meta":{"footnotes":""},"categories":[2820],"tags":[1111,11,2389,1687,2880,1777,674,107,1011,27,775,873,12,25,640,2879],"class_list":{"0":"post-176505","1":"post","2":"type-post","3":"status-publish","4":"format-standard","5":"has-post-thumbnail","7":"category-strasbourg","8":"tag-actu","9":"tag-actualites","10":"tag-alsace","11":"tag-culture-loisirs","12":"tag-edition-strasbourg","13":"tag-eu","14":"tag-europe","15":"tag-fil-info","16":"tag-fr","17":"tag-france","18":"tag-grand-est","19":"tag-musique","20":"tag-news","21":"tag-republique-francaise","22":"tag-strasbourg","23":"tag-strasbourg-ville"},"share_on_mastodon":{"url":"https:\/\/pubeurope.com\/@fr\/114683098085981963","error":""},"_links":{"self":[{"href":"https:\/\/www.europesays.com\/fr\/wp-json\/wp\/v2\/posts\/176505","targetHints":{"allow":["GET"]}}],"collection":[{"href":"https:\/\/www.europesays.com\/fr\/wp-json\/wp\/v2\/posts"}],"about":[{"href":"https:\/\/www.europesays.com\/fr\/wp-json\/wp\/v2\/types\/post"}],"author":[{"embeddable":true,"href":"https:\/\/www.europesays.com\/fr\/wp-json\/wp\/v2\/users\/2"}],"replies":[{"embeddable":true,"href":"https:\/\/www.europesays.com\/fr\/wp-json\/wp\/v2\/comments?post=176505"}],"version-history":[{"count":0,"href":"https:\/\/www.europesays.com\/fr\/wp-json\/wp\/v2\/posts\/176505\/revisions"}],"wp:featuredmedia":[{"embeddable":true,"href":"https:\/\/www.europesays.com\/fr\/wp-json\/wp\/v2\/media\/176506"}],"wp:attachment":[{"href":"https:\/\/www.europesays.com\/fr\/wp-json\/wp\/v2\/media?parent=176505"}],"wp:term":[{"taxonomy":"category","embeddable":true,"href":"https:\/\/www.europesays.com\/fr\/wp-json\/wp\/v2\/categories?post=176505"},{"taxonomy":"post_tag","embeddable":true,"href":"https:\/\/www.europesays.com\/fr\/wp-json\/wp\/v2\/tags?post=176505"}],"curies":[{"name":"wp","href":"https:\/\/api.w.org\/{rel}","templated":true}]}}