{"id":17651,"date":"2025-04-11T15:48:21","date_gmt":"2025-04-11T15:48:21","guid":{"rendered":"https:\/\/www.europesays.com\/fr\/17651\/"},"modified":"2025-04-11T15:48:21","modified_gmt":"2025-04-11T15:48:21","slug":"lagence-nouvelles-destinations-episode-01-du-10-avril-2025-corse-du-sud-pays-basque-partie-2-lagence-nouvelles-destinations","status":"publish","type":"post","link":"https:\/\/www.europesays.com\/fr\/17651\/","title":{"rendered":"L&rsquo;Agence Nouvelles Destinations &#8211; Episode 01 du 10 avril 2025 &#8211; Corse du sud \/ Pays Basque &#8211; Partie 2 &#8211; L&rsquo;Agence, Nouvelles Destinations"},"content":{"rendered":"<p id=\"descriptionPanel\" aria-labelledby=\"descriptionArrow\" aria-expanded=\"false\" class=\"mr-2 line-clamp-2 pr-2.5 text-secondary overflow-visible\">La comp\u00e9tition continue pour les deux fr\u00e8res ! Si Martin a d\u00e9croch\u00e9 la vente de bergeries de luxe dans les prochaines ann\u00e9es et la potentielle location de la villa de Cavallo, Valentin a obtenu le mandat de location pour la villa d&rsquo;Hossegor et peut-\u00eatre celui du ch\u00e2teau \u00e0 Biarritz. Les points sont serr\u00e9s, ce n&rsquo;est pas le moment de se rel\u00e2cher. Le p\u00e9riple se poursuit \u00e0 Saint-Jean-Pied-de-Port pour Valentin o\u00f9 il passe la journ\u00e9e avec Isabelle Ithurburu, qui lui fait visiter la ville. Martin, lui, profite d&rsquo;un d\u00eener avec un chef priv\u00e9 dans une maison qui surplombe Bonifacio o\u00f9 il a convi\u00e9 Julie &amp; Xavier. Avant de rentrer \u00e0 Paris, les Kretz donnent tout : Martin visite un couvent r\u00e9nov\u00e9 \u00e0 Sainte-Lucie-de-Tallano ainsi qu&rsquo;une maison qui se trouve sur le Golfe de Sp\u00e9rone tandis que Valentin d\u00e9couvre une maison perch\u00e9e sur l&rsquo;oc\u00e9an \u00e0 Bidart. L&rsquo;Agence : Nouvelles Destinations &#8211; Corse du Sud \/ Pays Basque &#8211; Partie 2<br \/>En savoir plus sur <a class=\"text-white hover:text-blue-500\" href=\"https:\/\/www.tf1.fr\/dossier\/valentin-08534229\" target=\"_blank\" rel=\"noopener\">Valentin Kretz<\/a> ou <a class=\"text-white hover:text-blue-500\" href=\"https:\/\/www.tf1.fr\/dossier\/martin-39811647\" target=\"_blank\" rel=\"noopener\">Martin Kretz<\/a><\/p>\n<p><a class=\"shrink-0\" href=\"https:\/\/www.tf1.fr\/tmc\/lagence-nouvelles-destinations\" target=\"_blank\" rel=\"noopener\"><img decoding=\"async\" src=\"https:\/\/www.europesays.com\/fr\/wp-content\/uploads\/2025\/04\/program-card-portrait-1-lagence-nouvelles-destinations-54ce5b-7a918b-0@1x.jpg\" width=\"138\" height=\"184\" alt=\"L'Agence, Nouvelles Destinations\" loading=\"eager\" fetchpriority=\"auto\" class=\"aspect-[3\/4] h-24 w-auto rounded-3px\"\/><\/a><\/p>\n","protected":false},"excerpt":{"rendered":"La comp\u00e9tition continue pour les deux fr\u00e8res ! Si Martin a d\u00e9croch\u00e9 la vente de bergeries de luxe&hellip;\n","protected":false},"author":2,"featured_media":17652,"comment_status":"","ping_status":"","sticky":false,"template":"","format":"standard","meta":{"footnotes":""},"categories":[1356],"tags":[58,59,1011,27,7113,7112,7114,362,7111,7116,252,1364,7117,7115],"class_list":{"0":"post-17651","1":"post","2":"type-post","3":"status-publish","4":"format-standard","5":"has-post-thumbnail","7":"category-television","8":"tag-divertissement","9":"tag-entertainment","10":"tag-fr","11":"tag-france","12":"tag-lagence","13":"tag-nouvelles-destinations","14":"tag-nouvelles-destinations-replay","15":"tag-replay","16":"tag-replay-lagence","17":"tag-streaming-lagence","18":"tag-television","19":"tag-tv","20":"tag-video-en-streaming-lagence","21":"tag-video-lagence"},"share_on_mastodon":{"url":"https:\/\/pubeurope.com\/@fr\/114320120506080541","error":""},"_links":{"self":[{"href":"https:\/\/www.europesays.com\/fr\/wp-json\/wp\/v2\/posts\/17651","targetHints":{"allow":["GET"]}}],"collection":[{"href":"https:\/\/www.europesays.com\/fr\/wp-json\/wp\/v2\/posts"}],"about":[{"href":"https:\/\/www.europesays.com\/fr\/wp-json\/wp\/v2\/types\/post"}],"author":[{"embeddable":true,"href":"https:\/\/www.europesays.com\/fr\/wp-json\/wp\/v2\/users\/2"}],"replies":[{"embeddable":true,"href":"https:\/\/www.europesays.com\/fr\/wp-json\/wp\/v2\/comments?post=17651"}],"version-history":[{"count":0,"href":"https:\/\/www.europesays.com\/fr\/wp-json\/wp\/v2\/posts\/17651\/revisions"}],"wp:featuredmedia":[{"embeddable":true,"href":"https:\/\/www.europesays.com\/fr\/wp-json\/wp\/v2\/media\/17652"}],"wp:attachment":[{"href":"https:\/\/www.europesays.com\/fr\/wp-json\/wp\/v2\/media?parent=17651"}],"wp:term":[{"taxonomy":"category","embeddable":true,"href":"https:\/\/www.europesays.com\/fr\/wp-json\/wp\/v2\/categories?post=17651"},{"taxonomy":"post_tag","embeddable":true,"href":"https:\/\/www.europesays.com\/fr\/wp-json\/wp\/v2\/tags?post=17651"}],"curies":[{"name":"wp","href":"https:\/\/api.w.org\/{rel}","templated":true}]}}