{"id":176510,"date":"2025-06-14T18:21:09","date_gmt":"2025-06-14T18:21:09","guid":{"rendered":"https:\/\/www.europesays.com\/fr\/176510\/"},"modified":"2025-06-14T18:21:09","modified_gmt":"2025-06-14T18:21:09","slug":"apres-lunoc-un-secretariat-permanent-de-lonu-va-bien-sinstaller-a-nice-ou-et-pourquoi-faire-on-vous-explique","status":"publish","type":"post","link":"https:\/\/www.europesays.com\/fr\/176510\/","title":{"rendered":"Apr\u00e8s l&rsquo;Unoc, un secr\u00e9tariat permanent de l\u2019ONU va bien s\u2019installer \u00e0 Nice&#8230; O\u00f9 et pourquoi faire? On vous explique"},"content":{"rendered":"<p>C&rsquo;\u00e9tait le samedi 6 juin 2025. Deux jours avant la d\u00e9ferlante de chefs d&rsquo;Etat et repr\u00e9sentants du monde entier \u00e0 Nice pour l&rsquo;Unoc, la Ville organisait le premier sommet Ocean rise &amp; coastal resilience. R\u00e9unissant <a href=\"https:\/\/www.nicematin.com\/faits-de-societe\/mais-que-vont-faire-400-maires-et-gouverneurs-locaux-pendant-l-unoc-nos-informations-sur-le-sommet-dans-le-sommet-988936\" target=\"_blank\" rel=\"noopener\">plus de 400 maires et gouverneurs d&rsquo;\u00eeles, villes et r\u00e9gions c\u00f4ti\u00e8res<\/a> du Globe, l&rsquo;\u00e9v\u00e9nement a act\u00e9 la cr\u00e9ation d&rsquo;une Coalition internationale, pr\u00e9sid\u00e9e par Christian Estrosi, premier magistrat ni\u00e7ois. Objectif: <a href=\"https:\/\/www.nicematin.com\/environnement\/sommet-des-oceans-4-villes-face-a-la-montee-du-niveau-de-la-mer-989327\" target=\"_blank\" rel=\"noopener\">trouver des solutions et des financements<\/a> pour faire face \u00e0 l&rsquo;inexorable mont\u00e9e des eaux, caus\u00e9e par le r\u00e9chauffement climatique.\u00a0<\/p>\n<p>Pour inscrire cette action d&rsquo;envergure dans le long terme, un sommet sera organis\u00e9 chaque ann\u00e9e, mais pas que.\u00a0\u00ab\u00a0Nice va devenir une ville onusienne, au m\u00eame titre que Gen\u00e8ve\u00a0\u00bb, <a href=\"https:\/\/www.nicematin.com\/environnement\/-face-a-la-montee-du-niveau-de-la-mer-agir-est-un-devoir-christian-estrosi-presente-les-enjeux-du-rassemblement-des-villes-cotieres-ce-samedi-a-nice-989279\" target=\"_blank\" rel=\"noopener\">assurait le maire de la ville<\/a> avant le coup d&rsquo;envoi de cette 3e Conf\u00e9rence des Nations unies sur l&rsquo;Oc\u00e9an. Concr\u00e8tement: la capitale azur\u00e9enne accueillera d\u00e9sormais un secr\u00e9tariat permanent de l&rsquo;ONU d\u00e9di\u00e9 \u00e0 cette Coalition.\u00a0<\/p>\n<p><strong>Le port de Nice comme ancrage<\/strong><\/p>\n<p>Apr\u00e8s avoir fait visiter plusieurs lieux au <a href=\"https:\/\/www.nicematin.com\/politique\/-nous-livrons-un-combat-contre-un-ennemi-bien-identifie-la-cupidite-antonio-guterres-offensif-avant-son-depart-de-nice-989625\" target=\"_blank\" rel=\"noopener\">secr\u00e9taire g\u00e9n\u00e9ral des Nations unies, Ant\u00f3nio Gutteres<\/a>, lors de l&rsquo;Unoc, un choix a \u00e9t\u00e9 arr\u00eat\u00e9. Et c&rsquo;est la nouvelle gare maritime du port de Nice qui a \u00e9t\u00e9 d\u00e9sign\u00e9e. Situ\u00e9e quai Infernet, pr\u00e8s du b\u00e2timent qui accueillait la salle pl\u00e9ni\u00e8re du sommet de l&rsquo;Oc\u00e9an, celle-ci abritera sous peu le si\u00e8ge op\u00e9rationnel de cette branche de l&rsquo;ONU, fait savoir la municipalit\u00e9 ni\u00e7oise.\u00a0<\/p>\n<p>Quant au prochain sommet annuel de la coalition des villes et r\u00e9gions c\u00f4ti\u00e8res, il se tiendra en juin 2026 \u00e0 Dakhla, au Maroc.\u00a0\u00a0<\/p>\n","protected":false},"excerpt":{"rendered":"C&rsquo;\u00e9tait le samedi 6 juin 2025. Deux jours avant la d\u00e9ferlante de chefs d&rsquo;Etat et repr\u00e9sentants du monde&hellip;\n","protected":false},"author":2,"featured_media":176511,"comment_status":"","ping_status":"","sticky":false,"template":"","format":"standard","meta":{"footnotes":""},"categories":[2819],"tags":[1111,11,1129,1777,674,1011,27,12,2401,882,25],"class_list":{"0":"post-176510","1":"post","2":"type-post","3":"status-publish","4":"format-standard","5":"has-post-thumbnail","7":"category-nice","8":"tag-actu","9":"tag-actualites","10":"tag-climat","11":"tag-eu","12":"tag-europe","13":"tag-fr","14":"tag-france","15":"tag-news","16":"tag-nice","17":"tag-provence-alpes-cote-dazur","18":"tag-republique-francaise"},"share_on_mastodon":{"url":"https:\/\/pubeurope.com\/@fr\/114683109938677008","error":""},"_links":{"self":[{"href":"https:\/\/www.europesays.com\/fr\/wp-json\/wp\/v2\/posts\/176510","targetHints":{"allow":["GET"]}}],"collection":[{"href":"https:\/\/www.europesays.com\/fr\/wp-json\/wp\/v2\/posts"}],"about":[{"href":"https:\/\/www.europesays.com\/fr\/wp-json\/wp\/v2\/types\/post"}],"author":[{"embeddable":true,"href":"https:\/\/www.europesays.com\/fr\/wp-json\/wp\/v2\/users\/2"}],"replies":[{"embeddable":true,"href":"https:\/\/www.europesays.com\/fr\/wp-json\/wp\/v2\/comments?post=176510"}],"version-history":[{"count":0,"href":"https:\/\/www.europesays.com\/fr\/wp-json\/wp\/v2\/posts\/176510\/revisions"}],"wp:featuredmedia":[{"embeddable":true,"href":"https:\/\/www.europesays.com\/fr\/wp-json\/wp\/v2\/media\/176511"}],"wp:attachment":[{"href":"https:\/\/www.europesays.com\/fr\/wp-json\/wp\/v2\/media?parent=176510"}],"wp:term":[{"taxonomy":"category","embeddable":true,"href":"https:\/\/www.europesays.com\/fr\/wp-json\/wp\/v2\/categories?post=176510"},{"taxonomy":"post_tag","embeddable":true,"href":"https:\/\/www.europesays.com\/fr\/wp-json\/wp\/v2\/tags?post=176510"}],"curies":[{"name":"wp","href":"https:\/\/api.w.org\/{rel}","templated":true}]}}