{"id":176514,"date":"2025-06-14T18:23:15","date_gmt":"2025-06-14T18:23:15","guid":{"rendered":"https:\/\/www.europesays.com\/fr\/176514\/"},"modified":"2025-06-14T18:23:15","modified_gmt":"2025-06-14T18:23:15","slug":"au-coeur-des-supporters-du-hbc-nantes-a-la-h-arena","status":"publish","type":"post","link":"https:\/\/www.europesays.com\/fr\/176514\/","title":{"rendered":"au c\u0153ur des supporters du HBC Nantes \u00e0 la H Arena"},"content":{"rendered":"<p>            Par<br \/>\n        <strong><br \/>\n            <a href=\"https:\/\/actu.fr\/auteur\/thomas-bernard\" title=\"Consulter tous les articles de Thomas Bernard\" rel=\"nofollow noopener\" target=\"_blank\">Thomas Bernard<\/a><br \/>\n        <\/strong><\/p>\n<p>        Publi\u00e9 le<\/p>\n<p>            14 juin 2025 \u00e0 20h00        <\/p>\n<p>Ils ne ram\u00e8neront pas la coupe \u00e0 la maison. <strong>Le HBC Nantes s\u2019est inclin\u00e9 face au club allemand du F\u00fcsche Berlin<\/strong> en demi-finale du Final Four de Ligue des Champions (34-24), organis\u00e9 \u00e0 la Lanxess Arena de Cologne. Face \u00e0 Berlin, le H est tomb\u00e9 sur un mur, en particulier face au gardien Milosavljev, auteur de 15 arr\u00eats.<\/p>\n<p class=\" wall-content\">\u00c0 872\u00a0km de la salle allemande, ils \u00e9taient plus <strong>de 3000 supporters \u00e0 la H Arena pour encourager les handballeurs nantais<\/strong>. <a href=\"https:\/\/actu.fr\/pays-de-la-loire\/nantes_44109\/final-four-de-ligue-des-champions-ou-voir-la-demi-finale-du-hbc-nantes_62769585.html\" rel=\"nofollow noopener\" target=\"_blank\">Une rencontre retransmise<\/a> sur les \u00e9crans g\u00e9ants de l\u2019habituelle salle des co\u00e9quipiers de Valero Rivera. Maillots violets, drapeaux du H, claps en main, les fans ont mis l\u2019ambiance dans le chaudron nantais malgr\u00e9 le sc\u00e9nario de la rencontre. Immersion.<\/p>\n<p>Des supporters confiants<\/p>\n<p class=\" wall-content\">Trente minutes avant le coup d\u2019envoi de la rencontre, des tuniques violettes entrent en nombre \u00e0 la H Arena. Des fans venus en famille ou entre amis.<\/p>\n<p class=\" wall-content\">\u00ab\u2009Nous sommes venus pour partager un moment convivial entre amis tout en regardant le match\u2009\u00bb, pr\u00e9cise Fr\u00e9d\u00e9rique, accompagn\u00e9e de Johanna, Jean-Pierre et R\u00e9mi. La bande souligne les qualit\u00e9s individuelles d\u2019<strong>Aymeric Minne<\/strong>, <strong>Nicolas Tournat<\/strong> ou <strong>Thibaud Briet<\/strong>, r\u00e9cemment \u00e9lu meilleur joueur du championnat de France.<\/p>\n<p class=\" wall-content\">\u00ab\u2009Ils ne se mettent pas au-dessus du collectif. Il y a une vraie osmose, c\u2019est \u00e7a le jeu \u00e0 la nantaise\u2009\u00bb, ajoute R\u00e9mi.<\/p>\n<p>    <img   decoding=\"async\" loading=\"lazy\" src=\"https:\/\/www.europesays.com\/fr\/wp-content\/uploads\/2025\/06\/supporters-hbc-nantes-supporters-960x640.jpeg\" alt=\"Les fans nantais sont venus entre amis assister \u00e0 la demi-finale du H. \" width=\"960\" height=\"640\"\/><br \/>\n    Les fans nantais sont venus entre amis assister \u00e0 la demi-finale du H. (\u00a9Thomas Bernard \/ actu Nantes)<\/p>\n<p class=\" wall-content\">Avant de s\u2019asseoir en tribunes, des aficionados\u00a0font un stop \u00e0 l\u2019une des buvettes de la H Arena, tenue par Jean-Michel, Guillaume et Jo\u00ebl, tous <strong>b\u00e9n\u00e9voles au HBC Nantes<\/strong>.<\/p>\n<p class=\" wall-content\">Quelques minutes avant le coup d\u2019envoi, ils ressentent, sans mauvais jeu de mots, la pression. \u00ab\u2009On est un peu stress\u00e9s mais on n\u2019a rien \u00e0 perdre. De toute fa\u00e7on, c\u2019est une belle saison\u2009\u00bb, note Jean-Michel, b\u00e9n\u00e9vole depuis 15 ans.<\/p>\n<p class=\" wall-content\">Confiants avant la rencontre, les supporters respectent l\u2019adversaire allemand et craignent particuli\u00e8rement Mathias Gidsel, ailier du F\u00fcsche Berlin, meilleur joueur du monde.<\/p>\n<p>    <img   decoding=\"async\" loading=\"lazy\" src=\"https:\/\/www.europesays.com\/fr\/wp-content\/uploads\/2025\/06\/benevoles-hbc-nantes-960x640.jpeg\" alt=\"Jo\u00ebl, Guillaume et Jean-Michel (de gauche \u00e0 droite),  b\u00e9n\u00e9voles du HBC Nantes ont tenu l'une des buvettes de la H Arena. \" width=\"960\" height=\"640\"\/><br \/>\n    Jo\u00ebl, Guillaume et Jean-Michel (de gauche \u00e0 droite), b\u00e9n\u00e9voles du HBC Nantes ont tenu l\u2019une des buvettes de la H Arena. (\u00a9Thomas Bernard \/ actu Nantes)<\/p>\n<p class=\" wall-content\">Le Danois \u00e9tait au c\u0153ur des discussions d\u2019une vingtaine de supporters du H, tous issus de l\u2019\u00e9quipe loisirs du club de handball de l\u2019Amicale La\u00efque<a href=\"https:\/\/actu.fr\/pays-de-la-loire\/saint-sebastien-sur-loire_44190\" rel=\"nofollow noopener\" target=\"_blank\"> Saint-S\u00e9bastien-sur-Loire<\/a>.<\/p>\n<p class=\" wall-content\">\u00abBerlin a le meilleur joueur du monde\u00bb, avoue Eric, \u00ab\u00a0Mais nous (le H, N.D.L.R) on a un collectif\u00a0\u00bb, coupe imm\u00e9diatement Isa. \u00abOn avait tous envie<strong> de vivre cette rencontre ensemble<\/strong>. C\u2019est plus sympa que tout seul devant la t\u00e9l\u00e9\u00bb, narre Nico, lui aussi membre de la joyeuse troupe.<\/p>\n<p>    <img   decoding=\"async\" loading=\"lazy\" src=\"https:\/\/www.europesays.com\/fr\/wp-content\/uploads\/2025\/06\/supporters-hbc-nantes-a-la-h-arena-960x640.jpeg\" alt=\"Les handballeurs de Saint-S\u00e9bastien-sur-Loire \u00e9taient pr\u00e9sents \u00e0 la H Arena. \" width=\"960\" height=\"640\"\/><br \/>\n    Les handballeurs de Saint-S\u00e9bastien-sur-Loire \u00e9taient pr\u00e9sents \u00e0 la H Arena. (\u00a9Thomas Bernard \/ actu Nantes)<\/p>\n<p class=\" wall-content\">Quinze minutes avant le coup d\u2019envoi, l\u2019ambiance monte petit \u00e0 petit. Les premiers claps sont lanc\u00e9s, notamment par\u00a0Oph\u00e9lie, M\u00e9lanie, Maxime et Manek, venus depuis <a href=\"https:\/\/actu.fr\/pays-de-la-loire\/ligne_44082\" rel=\"nofollow noopener\" target=\"_blank\">Lign\u00e9<\/a> et <a href=\"https:\/\/actu.fr\/pays-de-la-loire\/le-bignon_44014\" rel=\"nofollow noopener\" target=\"_blank\">Le Bignon<\/a>.<\/p>\n<p class=\" wall-content\">\u00ab\u2009On peut venir en famille voir les matchs, il y a toujours une bonne ambiance ici. C\u2019est tr\u00e8s sympa\u2009\u00bb, sourit Oph\u00e9lie.<\/p>\n<p>    <img   decoding=\"async\" loading=\"lazy\" src=\"https:\/\/www.europesays.com\/fr\/wp-content\/uploads\/2025\/06\/supporters-famille-hbc-nantes-960x640.jpeg\" alt=\"M\u00e9lanie, Oph\u00e9lie, Manek et Maxime, donnent de la voix pour supporter le HBC Nantes. \" width=\"960\" height=\"640\"\/><br \/>\n    M\u00e9lanie, Oph\u00e9lie, Manek et Maxime, donnent de la voix pour supporter le HBC Nantes. (\u00a9Thomas Bernard \/ actu Nantes)<\/p>\n<p class=\" wall-content\">Lui aussi enthousiasm\u00e9 par l\u2019ambiance de la H Arena, Manek est plus pessimiste quant aux chances de ses joueurs favoris. \u00ab\u2009\u00c7a va \u00eatre horrible comme match. J\u2019ai peur que Berlin gagne de deux ou trois buts\u2009\u00bb, pronostique Manek, jeune pivot au club de Lign\u00e9.<\/p>\n<p>La douche froide<\/p>\n<p class=\" wall-content\">Manek avait vu juste. Tr\u00e8s rapidement les joueurs de Berlin prennent le contr\u00f4le de la rencontre et parviennent \u00e0 faire un \u00e9cart au score.<\/p>\n<p class=\" wall-content\">La H Arena vibre \u00e0 la 9\u00e8me minute de jeu, lorsque le Danois Gidsel re\u00e7oit un carton rouge. Malheureusement, le HBC Nantes est peu efficace en attaque et se heurte \u00e0 un dernier rempart berlinois de haut niveau.<\/p>\n<p class=\" wall-content\">\u00c0 la mi-temps, le score est de <strong>18-12 en faveur des renards allemands<\/strong>. Sur l\u2019\u00eele de Nantes, l\u2019ambiance est moins chaude. Sur le parvis de la H Arena, les supporters ne sont plus aussi confiants que lors de\u00a0l\u2019avant-match.<\/p>\n<p>    <img   decoding=\"async\" loading=\"lazy\" src=\"https:\/\/www.europesays.com\/fr\/wp-content\/uploads\/2025\/06\/fans-hbc-nantes-960x640.jpeg\" alt=\"\u00c0 la mi-temps, No\u00e9mie et Matthias sont frustr\u00e9s de la premi\u00e8re p\u00e9riode. \" width=\"960\" height=\"640\"\/><br \/>\n    \u00c0 la mi-temps, No\u00e9mie et Matthias sont frustr\u00e9s de la premi\u00e8re p\u00e9riode. (\u00a9Thomas Bernard \/ actu Nantes)<\/p>\n<p class=\" wall-content\">\u00ab\u2009J\u2019y ai cru avec l\u2019expulsion de Gidsel, la salle a explos\u00e9 mais on n\u2019a pas r\u00e9ussi \u00e0 mettre le jeu en place\u2009\u00bb, r\u00e9agit No\u00e9mie. \u00ab\u2009J\u2019y crois mais j\u2019aurai \u00e9t\u00e9 plus confiant avec trois buts d\u2019\u00e9cart \u00e0 la mi-temps, mais l\u00e0 il y en a six\u2009\u00bb, regrette de son c\u00f4t\u00e9 Matthias.<\/p>\n<p class=\" wall-content\">Licenci\u00e9s au club du\u00a0Havre de Vie, \u00e0 <a href=\"https:\/\/actu.fr\/pays-de-la-loire\/saint-gilles-croix-de-vie_85222\" rel=\"nofollow noopener\" target=\"_blank\">Saint-Gilles-Croix-de-Vie<\/a>, Antoine et Dylan, sont \u00e9galement frustr\u00e9s de leur premi\u00e8re p\u00e9riode de leurs prot\u00e9g\u00e9s.<\/p>\n<p>    <img   decoding=\"async\" loading=\"lazy\" src=\"https:\/\/www.europesays.com\/fr\/wp-content\/uploads\/2025\/06\/supporters-hbc-nantes-h-arena-final-four-1-960x640.jpeg\" alt=\"Dylan et Antoine sont venus de Saint-Gilles-Croix-de-Vie pour regarder la demi-finale du HBC Nantes. \" width=\"960\" height=\"640\"\/><br \/>\n    Dylan et Antoine sont venus de Saint-Gilles-Croix-de-Vie pour regarder la demi-finale du HBC Nantes. (\u00a9Thomas Bernard \/ actu Nantes)<\/p>\n<p class=\" wall-content\">\u00ab\u2009Nous sommes d\u00e9\u00e7us du handball propos\u00e9. Il y a trop de d\u00e9chets\u00a0de notre c\u00f4t\u00e9 et <strong>le gardien fait beaucoup d\u2019arr\u00eats en face\u2009\u00bb<\/strong>, analyse Antoine. \u00ab\u2009Pour esp\u00e9rer revenir, il faut marquer sur chaque attaque. Nos gardiens doivent aussi faire plus d\u2019arr\u00eats\u2009\u00bb, esp\u00e8re Dylan.<\/p>\n<p>Entre d\u00e9ception et fiert\u00e9<\/p>\n<p class=\" wall-content\">Malheureusement pour le peuple violet, le sc\u00e9nario de la premi\u00e8re p\u00e9riode continue dans le second acte. Les Nantais n\u2019arrivent pas \u00e0 d\u00e9ployer leur jeu et \u00e0 concr\u00e9tiser leurs attaques.<\/p>\n<p class=\" wall-content\">\u00ab\u2009Ce n\u2019est pas possible\u2009\u00bb, lancent de d\u00e9pit des supporters \u00e0 chaque arr\u00eat de Milosavljev, \u00e9lu homme du match. Au fil des minutes, le score devient de plus en plus cons\u00e9quent. <strong>Les Allemands remportent le match sur un score de 34 \u00e0 24<\/strong>.<\/p>\n<p class=\" wall-content\">\u00c0 Nantes, la H Arena applaudit malgr\u00e9 la d\u00e9faite de leur \u00e9quipe favorite. \u00c0 la sortie de la salle, les supporters font grise mine.\u00a0<\/p>\n<p>    <img   decoding=\"async\" loading=\"lazy\" src=\"https:\/\/www.europesays.com\/fr\/wp-content\/uploads\/2025\/06\/fan-hbc-nantes-960x640.jpeg\" alt=\"Malgr\u00e9 la d\u00e9faite, les supporters nantais saluent le parcours de leurs prot\u00e9g\u00e9s. \" width=\"960\" height=\"640\"\/><br \/>\n    Malgr\u00e9 la d\u00e9faite, les supporters nantais saluent le parcours de leurs prot\u00e9g\u00e9s. (\u00a9Thomas Bernard \/ actu Nantes)<\/p>\n<p class=\" wall-content\">\u00ab\u2009C\u2019est une grosse d\u00e9ception et une grosse frustration. <strong>Ils n\u2019ont pas jou\u00e9 leur jeu habituel\u2009\u00bb<\/strong>, confie Jacques apr\u00e8s le coup de sifflet final. \u00ab\u2009Un sentiment d\u2019impuissance\u2009\u00bb, encha\u00eene Katell. \u00ab\u2009C\u2019est une saison plus que satisfaisante entre le Final Four de Ligue des Champions et la deuxi\u00e8me place en championnat\u2009\u00bb, relativise Gweltaz.<\/p>\n<p class=\" wall-content\">Apr\u00e8s cette d\u00e9faite, les hommes de Gr\u00e9gory Cojean disputeront la petite finale pour la 3\u00e8me place, <strong>ce dimanche 15\u00a0juin \u00e0 15h<\/strong>, face au perdant de l\u2019autre demi-finale entre Barcelone et Magdebourg.<\/p>\n<p class=\" wall-content\">Du c\u00f4t\u00e9 des supporters du H, on pense d\u00e9j\u00e0 \u00e0 l\u2019avenir et on r\u00eave d\u2019un succ\u00e8s \u00e0 l\u2019\u00e9chelle nationale, comme le souligne Gweltaz. \u00ab\u2009On a d\u00e9j\u00e0 h\u00e2te d\u2019\u00eatre \u00e0 l\u2019ann\u00e9e prochaine pour retourner en Ligue des Champions et d\u2019essayer de battre le PSG en championnat.\u2009\u00bb<\/p>\n<p class=\" wall-content\">Suivez toute l\u2019actualit\u00e9 de vos villes et m\u00e9dias favoris en vous inscrivant \u00e0 <a href=\"https:\/\/moncompte.actu.fr\" title=\"D\u00e9couvez Mon Actu\" rel=\"nofollow noopener\" data-trk=\"{&quot;cta&quot;:{&quot;action&quot;:&quot;https:\\\/\\\/moncompte.actu.fr&quot;,&quot;category&quot;:&quot;mon compte&quot;,&quot;from&quot;:&quot;article footer&quot;,&quot;name&quot;:&quot;Mon actu&quot;,&quot;type&quot;:&quot;cta&quot;}}\" target=\"_blank\">Mon Actu<\/a>.<\/p>\n","protected":false},"excerpt":{"rendered":"Par Thomas Bernard Publi\u00e9 le 14 juin 2025 \u00e0 20h00 Ils ne ram\u00e8neront pas la coupe \u00e0 la&hellip;\n","protected":false},"author":2,"featured_media":176515,"comment_status":"","ping_status":"","sticky":false,"template":"","format":"standard","meta":{"footnotes":""},"categories":[2818],"tags":[1111,11,1777,674,1011,27,1792,447,766,12,2636,25,60],"class_list":{"0":"post-176514","1":"post","2":"type-post","3":"status-publish","4":"format-standard","5":"has-post-thumbnail","7":"category-nantes","8":"tag-actu","9":"tag-actualites","10":"tag-eu","11":"tag-europe","12":"tag-fr","13":"tag-france","14":"tag-handball","15":"tag-ligue-des-champions","16":"tag-nantes","17":"tag-news","18":"tag-pays-de-la-loire","19":"tag-republique-francaise","20":"tag-sports"},"share_on_mastodon":{"url":"https:\/\/pubeurope.com\/@fr\/114683118238502055","error":""},"_links":{"self":[{"href":"https:\/\/www.europesays.com\/fr\/wp-json\/wp\/v2\/posts\/176514","targetHints":{"allow":["GET"]}}],"collection":[{"href":"https:\/\/www.europesays.com\/fr\/wp-json\/wp\/v2\/posts"}],"about":[{"href":"https:\/\/www.europesays.com\/fr\/wp-json\/wp\/v2\/types\/post"}],"author":[{"embeddable":true,"href":"https:\/\/www.europesays.com\/fr\/wp-json\/wp\/v2\/users\/2"}],"replies":[{"embeddable":true,"href":"https:\/\/www.europesays.com\/fr\/wp-json\/wp\/v2\/comments?post=176514"}],"version-history":[{"count":0,"href":"https:\/\/www.europesays.com\/fr\/wp-json\/wp\/v2\/posts\/176514\/revisions"}],"wp:featuredmedia":[{"embeddable":true,"href":"https:\/\/www.europesays.com\/fr\/wp-json\/wp\/v2\/media\/176515"}],"wp:attachment":[{"href":"https:\/\/www.europesays.com\/fr\/wp-json\/wp\/v2\/media?parent=176514"}],"wp:term":[{"taxonomy":"category","embeddable":true,"href":"https:\/\/www.europesays.com\/fr\/wp-json\/wp\/v2\/categories?post=176514"},{"taxonomy":"post_tag","embeddable":true,"href":"https:\/\/www.europesays.com\/fr\/wp-json\/wp\/v2\/tags?post=176514"}],"curies":[{"name":"wp","href":"https:\/\/api.w.org\/{rel}","templated":true}]}}