{"id":176528,"date":"2025-06-14T18:31:15","date_gmt":"2025-06-14T18:31:15","guid":{"rendered":"https:\/\/www.europesays.com\/fr\/176528\/"},"modified":"2025-06-14T18:31:15","modified_gmt":"2025-06-14T18:31:15","slug":"mma-a-quelle-heure-et-sur-quelle-chaine-tv-suivre-lares-31-a-marseille-avec-axel-sola","status":"publish","type":"post","link":"https:\/\/www.europesays.com\/fr\/176528\/","title":{"rendered":"MMA\u00a0: \u00e0 quelle heure et sur quelle cha\u00eene TV suivre l\u2019Ar\u00e8s 31 \u00e0 Marseille avec Axel Sola\u00a0?"},"content":{"rendered":"<p class=\"paragraph text_align_left\">Apr\u00e8s une premi\u00e8re (tr\u00e8s) r\u00e9ussie en novembre dernier,<a href=\"https:\/\/www.leparisien.fr\/sports\/mma\/lufc-est-le-modele-dans-les-coulisses-dune-soiree-dares-mma-du-montage-de-la-cage-aux-combats-17-05-2025-6BDI7RUR65HQNBJHDXYC27B3TA.php\" target=\"_blank\" rel=\"noreferrer noopener\"> Ar\u00e8s MMA<\/a> revient \u00e0 Marseille ce samedi soir. L\u2019organisation fran\u00e7aise, qui reste sur une soir\u00e9e m\u00e9morable \u00e0 l\u2019Adidas Arena le 16 mai dernier et <a href=\"https:\/\/www.leparisien.fr\/sports\/mma\/mma-baki-chamsoudinov-nouveau-champion-poids-welters-de-lares-apres-sa-victoire-facile-face-a-thiago-lima-17-05-2025-3CMELQFGNFARVCKSXTKGLRQC74.php\" target=\"_blank\" rel=\"noreferrer noopener\">la victoire de Baysangur \u00ab Baki \u00bb Chamsoudinov<\/a>, a pr\u00e9vu deux combats pour le titre au Palais des Sports de Marseille.<\/p>\n<p class=\"paragraph text_align_left\">Intouchable depuis de longues ann\u00e9es, Axel Sola remet une nouvelle fois sa ceinture des poids l\u00e9gers (-70 kg) en jeu. Le Ni\u00e7ois, qui pourrait ensuite s\u2019envoler vers l\u2019UFC, affronte Ghiles Oudelha, qui compte 16 victoires et 7 d\u00e9faites en carri\u00e8re. Avant ce duel, le Gallois Josh O\u2019Connor (9-0) et le Fran\u00e7ais Ylies Djiroun (24-7) se disputeront la ceinture des poids plumes (-66 kg). Vincent del Guerra et Noah Gugnon combattront \u00e9galement.<\/p>\n<p class=\"paragraph text_align_left\"><b>Cette soir\u00e9e d\u2019Ar\u00e8s MMA \u00e0 Marseille sera diffus\u00e9e ce samedi \u00e0 partir de 20h30 sur Canal<\/b> <b>+ Sport 360.<\/b><\/p>\n","protected":false},"excerpt":{"rendered":"Apr\u00e8s une premi\u00e8re (tr\u00e8s) r\u00e9ussie en novembre dernier, Ar\u00e8s MMA revient \u00e0 Marseille ce samedi soir. L\u2019organisation fran\u00e7aise,&hellip;\n","protected":false},"author":2,"featured_media":176529,"comment_status":"","ping_status":"","sticky":false,"template":"","format":"standard","meta":{"footnotes":""},"categories":[2814],"tags":[1111,11,1777,674,1011,27,884,1847,12,882,25,60],"class_list":{"0":"post-176528","1":"post","2":"type-post","3":"status-publish","4":"format-standard","5":"has-post-thumbnail","7":"category-marseille","8":"tag-actu","9":"tag-actualites","10":"tag-eu","11":"tag-europe","12":"tag-fr","13":"tag-france","14":"tag-marseille","15":"tag-mma","16":"tag-news","17":"tag-provence-alpes-cote-dazur","18":"tag-republique-francaise","19":"tag-sports"},"share_on_mastodon":{"url":"https:\/\/pubeurope.com\/@fr\/114683149246187264","error":""},"_links":{"self":[{"href":"https:\/\/www.europesays.com\/fr\/wp-json\/wp\/v2\/posts\/176528","targetHints":{"allow":["GET"]}}],"collection":[{"href":"https:\/\/www.europesays.com\/fr\/wp-json\/wp\/v2\/posts"}],"about":[{"href":"https:\/\/www.europesays.com\/fr\/wp-json\/wp\/v2\/types\/post"}],"author":[{"embeddable":true,"href":"https:\/\/www.europesays.com\/fr\/wp-json\/wp\/v2\/users\/2"}],"replies":[{"embeddable":true,"href":"https:\/\/www.europesays.com\/fr\/wp-json\/wp\/v2\/comments?post=176528"}],"version-history":[{"count":0,"href":"https:\/\/www.europesays.com\/fr\/wp-json\/wp\/v2\/posts\/176528\/revisions"}],"wp:featuredmedia":[{"embeddable":true,"href":"https:\/\/www.europesays.com\/fr\/wp-json\/wp\/v2\/media\/176529"}],"wp:attachment":[{"href":"https:\/\/www.europesays.com\/fr\/wp-json\/wp\/v2\/media?parent=176528"}],"wp:term":[{"taxonomy":"category","embeddable":true,"href":"https:\/\/www.europesays.com\/fr\/wp-json\/wp\/v2\/categories?post=176528"},{"taxonomy":"post_tag","embeddable":true,"href":"https:\/\/www.europesays.com\/fr\/wp-json\/wp\/v2\/tags?post=176528"}],"curies":[{"name":"wp","href":"https:\/\/api.w.org\/{rel}","templated":true}]}}