{"id":17653,"date":"2025-04-11T15:49:11","date_gmt":"2025-04-11T15:49:11","guid":{"rendered":"https:\/\/www.europesays.com\/fr\/17653\/"},"modified":"2025-04-11T15:49:11","modified_gmt":"2025-04-11T15:49:11","slug":"pulp-annonce-more-un-huitieme-album-attendu-depuis-2001","status":"publish","type":"post","link":"https:\/\/www.europesays.com\/fr\/17653\/","title":{"rendered":"Pulp annonce \u201cMore\u201d, un huiti\u00e8me album attendu depuis\u2026 2001"},"content":{"rendered":"<p>L\u2019annonce de la tourn\u00e9e europ\u00e9enne et am\u00e9ricaine du groupe de Jarvis Cocker n\u2019avait fait qu\u2019amplifier les rumeurs discographiques. R\u00e9v\u00e9l\u00e9 aujourd\u2019hui m\u00eame, le single \u201cSpike Island\u201d pr\u00e9figure un huiti\u00e8me album \u00e0 para\u00eetre le 6 juin, successeur inesp\u00e9r\u00e9 de \u201cWe Love Life\u201d, sorti il y a 24 ans.<\/p>\n<p>Un quart de si\u00e8cle ou presque \u2013 24 ans pr\u00e9cis\u00e9ment depuis la sortie de <a href=\"https:\/\/www.lesinrocks.com\/musique\/we-love-life-15626-30-11-2000\/\" data-type=\"link\" data-id=\"https:\/\/www.lesinrocks.com\/musique\/we-love-life-15626-30-11-2000\/\" target=\"_blank\" rel=\"noopener\">We Love Life<\/a> en 2001 \u2013, <a href=\"https:\/\/www.lesinrocks.com\/musique\/pulp-devoile-un-nouveau-titre-en-plein-concert-a-mexico-601418-20-11-2023\/\" target=\"_blank\" rel=\"noopener\">Pulp<\/a> revient par surprise printani\u00e8re dans l\u2019actualit\u00e9 discographique, et pas seulement sc\u00e9nique, depuis ses reformations successives. L\u2019ann\u00e9e du 30e anniversaire de l\u2019acclam\u00e9 <a href=\"https:\/\/www.lesinrocks.com\/musique\/different-class-105955-30-10-1995\/\" data-type=\"link\" data-id=\"https:\/\/www.lesinrocks.com\/musique\/different-class-105955-30-10-1995\/\" target=\"_blank\" rel=\"noopener\">Different Class<\/a> (1995) \u2013  le plus grand succ\u00e8s populaire de sa carri\u00e8re entam\u00e9e en 1978 \u2013 le groupe de l\u2019iconique <a href=\"https:\/\/www.lesinrocks.com\/musique\/chansons-dennui-jarvis-cocker-tip-top-en-chanteur-frenchy-419062-27-10-2021\/\" target=\"_blank\" rel=\"noopener\">Jarvis Cocker<\/a> annonce donc un huiti\u00e8me album pour le 6 juin, qui sera publi\u00e9 chez Rough Trade Records.<\/p>\n<p>Bien nomm\u00e9 More, produit par l\u2019incontournable <a href=\"https:\/\/www.lesinrocks.com\/musique\/james-ellis-ford-je-suis-profondement-un-homme-de-lombre-560794-15-05-2023\/\" target=\"_blank\" rel=\"noopener\">James Ford<\/a> (Gorillaz, Arctic Monkeys, Fontaines D.C.) et d\u00e9di\u00e9 au bassiste historique <a href=\"https:\/\/www.lesinrocks.com\/musique\/steve-mackey-le-bassiste-de-pulp-est-mort-542368-02-03-2023\/\" data-type=\"link\" data-id=\"https:\/\/www.lesinrocks.com\/musique\/steve-mackey-le-bassiste-de-pulp-est-mort-542368-02-03-2023\/\" target=\"_blank\" rel=\"noopener\">Steve Mackey<\/a>, ce disque, dont l\u2019\u00e9criture a \u00e9t\u00e9 motiv\u00e9e par la tourn\u00e9e de la formation de Sheffield en 2023, a \u00e9t\u00e9 compos\u00e9 d\u00e9but 2024 et enregistr\u00e9 \u00e0 la fin de la m\u00eame ann\u00e9e, \u00e0 Londres, en seulement trois semaines. \u201cC\u2019est le temps d\u2019enregistrement le plus court qu\u2019un album de Pulp ait jamais n\u00e9cessit\u00e9, \u00e9crit Jarvis Cocker dans le communiqu\u00e9 de presse. Il \u00e9tait manifestement pr\u00eat \u00e0 \u00eatre enregistr\u00e9.\u201d<\/p>\n<p>Un premier titre en \u00e9coute<\/p>\n<p>Reconnaissable entre mille par la voix de Jarvis Cocker (\u201cI was born to perform, it\u2019s a calling \/ I exist to do this, shouting and pointing\u201d), le premier single extrait, Spike Island, n\u2019est autre que le titre d\u2019ouverture de More, compos\u00e9 avec la complicit\u00e9 de Jason Buckle, son partenaire de jeu dans <a href=\"https:\/\/www.lesinrocks.com\/musique\/relaxed-muscle-le-projet-electro-de-jarvis-cocker-en-video-130024-22-07-2003\/\" data-type=\"link\" data-id=\"https:\/\/www.lesinrocks.com\/musique\/relaxed-muscle-le-projet-electro-de-jarvis-cocker-en-video-130024-22-07-2003\/\" target=\"_blank\" rel=\"noopener\">Relaxed Muscle<\/a>. Le leader de Pulp en a d\u2019ailleurs r\u00e9alis\u00e9 lui-m\u00eame le clip, s\u2019amusant \u00e0 animer par un logiciel d\u2019IA des photos du groupe prises il y a 30 ans par Rankin &amp; Donald Milne pour Different Class.<\/p>\n<p><strong>More (Rough Trade Records\/Wagram). Sortie le 6 juin. En concert \u00e0 La Route du Rock, Saint-Malo, le 15 ao\u00fbt.<\/strong><\/p><\/p>\n","protected":false},"excerpt":{"rendered":"L\u2019annonce de la tourn\u00e9e europ\u00e9enne et am\u00e9ricaine du groupe de Jarvis Cocker n\u2019avait fait qu\u2019amplifier les rumeurs discographiques.&hellip;\n","protected":false},"author":2,"featured_media":17654,"comment_status":"","ping_status":"","sticky":false,"template":"","format":"standard","meta":{"footnotes":""},"categories":[1355],"tags":[58,59,1011,27,7118,1361,873,7119],"class_list":{"0":"post-17653","1":"post","2":"type-post","3":"status-publish","4":"format-standard","5":"has-post-thumbnail","7":"category-musique","8":"tag-divertissement","9":"tag-entertainment","10":"tag-fr","11":"tag-france","12":"tag-jarvis-cocker","13":"tag-music","14":"tag-musique","15":"tag-pulp"},"share_on_mastodon":{"url":"https:\/\/pubeurope.com\/@fr\/114320124510014874","error":""},"_links":{"self":[{"href":"https:\/\/www.europesays.com\/fr\/wp-json\/wp\/v2\/posts\/17653","targetHints":{"allow":["GET"]}}],"collection":[{"href":"https:\/\/www.europesays.com\/fr\/wp-json\/wp\/v2\/posts"}],"about":[{"href":"https:\/\/www.europesays.com\/fr\/wp-json\/wp\/v2\/types\/post"}],"author":[{"embeddable":true,"href":"https:\/\/www.europesays.com\/fr\/wp-json\/wp\/v2\/users\/2"}],"replies":[{"embeddable":true,"href":"https:\/\/www.europesays.com\/fr\/wp-json\/wp\/v2\/comments?post=17653"}],"version-history":[{"count":0,"href":"https:\/\/www.europesays.com\/fr\/wp-json\/wp\/v2\/posts\/17653\/revisions"}],"wp:featuredmedia":[{"embeddable":true,"href":"https:\/\/www.europesays.com\/fr\/wp-json\/wp\/v2\/media\/17654"}],"wp:attachment":[{"href":"https:\/\/www.europesays.com\/fr\/wp-json\/wp\/v2\/media?parent=17653"}],"wp:term":[{"taxonomy":"category","embeddable":true,"href":"https:\/\/www.europesays.com\/fr\/wp-json\/wp\/v2\/categories?post=17653"},{"taxonomy":"post_tag","embeddable":true,"href":"https:\/\/www.europesays.com\/fr\/wp-json\/wp\/v2\/tags?post=17653"}],"curies":[{"name":"wp","href":"https:\/\/api.w.org\/{rel}","templated":true}]}}