{"id":176536,"date":"2025-06-14T18:36:10","date_gmt":"2025-06-14T18:36:10","guid":{"rendered":"https:\/\/www.europesays.com\/fr\/176536\/"},"modified":"2025-06-14T18:36:10","modified_gmt":"2025-06-14T18:36:10","slug":"apres-les-intemperies-journee-galere-pour-les-usagers-du-rer-a-dans-les-yvelines","status":"publish","type":"post","link":"https:\/\/www.europesays.com\/fr\/176536\/","title":{"rendered":"Apr\u00e8s les intemp\u00e9ries, journ\u00e9e gal\u00e8re pour les usagers du RER A dans les Yvelines"},"content":{"rendered":"<p>            Par<br \/>\n        <strong><br \/>\n            <a href=\"https:\/\/actu.fr\/auteur\/fabien-deze\" title=\"Consulter tous les articles de Fabien Dez\u00e9\" rel=\"nofollow noopener\" target=\"_blank\">Fabien Dez\u00e9<\/a><br \/>\n        <\/strong><\/p>\n<p>        Publi\u00e9 le<\/p>\n<p>            14 juin 2025 \u00e0 18h42        <\/p>\n<p>C\u2019est l\u2019une des cons\u00e9quences des <b>violents orages<\/b> qui ont touch\u00e9 les Yvelines dans la soir\u00e9e du vendredi 13\u00a0juin 2025. Ce samedi 14\u00a0juin 2025, la circulation a \u00e9t\u00e9 perturb\u00e9e sur <a href=\"https:\/\/x.com\/rer_a\" rel=\"nofollow\">la ligne A du RER<\/a>.<\/p>\n<p>Une cat\u00e9naire ab\u00eem\u00e9e par l\u2019orage<\/p>\n<p class=\" wall-content\">Les fortes pluies ont notamment provoqu\u00e9 la d\u00e9gradation d\u2019une cat\u00e9naire en gare d\u2019Ach\u00e8res-Ville. Par cons\u00e9quent, le trafic des trains a \u00e9t\u00e9 interrompu <b>toute la journ\u00e9e <\/b>entre<a href=\"https:\/\/actu.fr\/ile-de-france\/sartrouville_78586\" rel=\"nofollow noopener\" target=\"_blank\"> Sartrouville<\/a> et <a href=\"https:\/\/actu.fr\/ile-de-france\/acheres_78005\" rel=\"nofollow noopener\" target=\"_blank\">Ach\u00e8res.<\/a> Il est aussi au ralenti entre Cergy-le-Haut et Ach\u00e8res-Ville.<\/p>\n<p class=\" wall-content\">Pour compenser ces d\u00e9sagr\u00e9ments, <b>des navettes <\/b>en train (omnibus) sont mises en place entre Cergy et Ach\u00e8res-Ville.<\/p>\n<p class=\" wall-content\"><b>Aucune am\u00e9lioration <\/b>n\u2019est attendue sur la ligne ce samedi 14\u00a0juin 2025 d\u2019ici la fin du service.<\/p>\n<p>    <a href=\"https:\/\/maps.google.com\/maps?q=48.97022,2.07749&amp;z=15&amp;output=embed\" title=\"Ouvrie le lien\" rel=\"nofollow noopener\" target=\"_blank\">Cliquez ici pour visualiser le contenu<\/a><\/p>\n<p>Vid\u00e9os : en ce moment sur Actu<\/p>\n<p class=\" wall-content\">.<\/p>\n<p class=\" wall-content\">Suivez toute l\u2019actualit\u00e9 de vos villes et m\u00e9dias favoris en vous inscrivant \u00e0 <a href=\"https:\/\/moncompte.actu.fr\" title=\"D\u00e9couvez Mon Actu\" rel=\"nofollow noopener\" data-trk=\"{&quot;cta&quot;:{&quot;action&quot;:&quot;https:\\\/\\\/moncompte.actu.fr&quot;,&quot;category&quot;:&quot;mon compte&quot;,&quot;from&quot;:&quot;article footer&quot;,&quot;name&quot;:&quot;Mon actu&quot;,&quot;type&quot;:&quot;cta&quot;}}\" target=\"_blank\">Mon Actu<\/a>.<\/p>\n","protected":false},"excerpt":{"rendered":"Par Fabien Dez\u00e9 Publi\u00e9 le 14 juin 2025 \u00e0 18h42 C\u2019est l\u2019une des cons\u00e9quences des violents orages qui&hellip;\n","protected":false},"author":2,"featured_media":176537,"comment_status":"","ping_status":"","sticky":false,"template":"","format":"standard","meta":{"footnotes":""},"categories":[1888],"tags":[1111,1928,11,1927,1777,674,1011,27,12,1926,626,1925,25,18068,104,2803],"class_list":{"0":"post-176536","1":"post","2":"type-post","3":"status-publish","4":"format-standard","5":"has-post-thumbnail","7":"category-paris","8":"tag-actu","9":"tag-actu-paris","10":"tag-actualites","11":"tag-actualites-paris","12":"tag-eu","13":"tag-europe","14":"tag-fr","15":"tag-france","16":"tag-news","17":"tag-news-paris","18":"tag-paris","19":"tag-paris-news","20":"tag-republique-francaise","21":"tag-rer-a","22":"tag-societe","23":"tag-transport"},"share_on_mastodon":{"url":"https:\/\/pubeurope.com\/@fr\/114683168890945331","error":""},"_links":{"self":[{"href":"https:\/\/www.europesays.com\/fr\/wp-json\/wp\/v2\/posts\/176536","targetHints":{"allow":["GET"]}}],"collection":[{"href":"https:\/\/www.europesays.com\/fr\/wp-json\/wp\/v2\/posts"}],"about":[{"href":"https:\/\/www.europesays.com\/fr\/wp-json\/wp\/v2\/types\/post"}],"author":[{"embeddable":true,"href":"https:\/\/www.europesays.com\/fr\/wp-json\/wp\/v2\/users\/2"}],"replies":[{"embeddable":true,"href":"https:\/\/www.europesays.com\/fr\/wp-json\/wp\/v2\/comments?post=176536"}],"version-history":[{"count":0,"href":"https:\/\/www.europesays.com\/fr\/wp-json\/wp\/v2\/posts\/176536\/revisions"}],"wp:featuredmedia":[{"embeddable":true,"href":"https:\/\/www.europesays.com\/fr\/wp-json\/wp\/v2\/media\/176537"}],"wp:attachment":[{"href":"https:\/\/www.europesays.com\/fr\/wp-json\/wp\/v2\/media?parent=176536"}],"wp:term":[{"taxonomy":"category","embeddable":true,"href":"https:\/\/www.europesays.com\/fr\/wp-json\/wp\/v2\/categories?post=176536"},{"taxonomy":"post_tag","embeddable":true,"href":"https:\/\/www.europesays.com\/fr\/wp-json\/wp\/v2\/tags?post=176536"}],"curies":[{"name":"wp","href":"https:\/\/api.w.org\/{rel}","templated":true}]}}