{"id":176538,"date":"2025-06-14T18:37:12","date_gmt":"2025-06-14T18:37:12","guid":{"rendered":"https:\/\/www.europesays.com\/fr\/176538\/"},"modified":"2025-06-14T18:37:12","modified_gmt":"2025-06-14T18:37:12","slug":"devenir-le-mcdo-du-smash-burger-junk-histoire-dune-success-story-a-la-parisienne","status":"publish","type":"post","link":"https:\/\/www.europesays.com\/fr\/176538\/","title":{"rendered":"\u00ab\u00a0Devenir le McDo du smash burger\u00a0\u00bb\u00a0: Junk, histoire d\u2019une success-story \u00e0 la parisienne"},"content":{"rendered":"<p class=\"paragraph text_align_left\">\u00ab C\u2019est mon burger pr\u00e9f\u00e9r\u00e9. Crousti, fondant, comme il faut \u00bb, salive L\u00e9o, un sportif de 20 ans, devant l\u2019imposant comptoir en acier de Junk, rue Montmartre (IIe).<\/p>\n<p class=\"paragraph text_align_left\">L\u2019enseigne au nom assum\u00e9, sp\u00e9cialis\u00e9e dans <a href=\"https:\/\/www.leparisien.fr\/bien-manger\/steak-pommes-de-terre-croissants-pains-au-chocolat-aujourdhui-tout-se-smashe-18-11-2023-TPUDD3HAORHYPN65DJIJGPEYL4.php\" target=\"_self\" rel=\"nofollow noopener\">le smash burger<\/a> \u2013 le steak est \u00e9cras\u00e9 finement sur la plaque de cuisson br\u00fblante \u00e0 l\u2019aide d\u2019une presse \u2013, a connu une ascension fulgurante. Pr\u00e9sent \u00e0 Paris et dans plusieurs grandes villes fran\u00e7aises, le groupe n\u00e9 dans la capitale, qui a r\u00e9alis\u00e9 un chiffre d\u2019affaires de 20 millions d\u2019euros en 2024 et emploie 250 salari\u00e9s, s\u2019appr\u00eate \u00e0 d\u00e9barquer \u00e0 Duba\u00ef, \u00e0 la rentr\u00e9e prochaine. Et souhaite s\u2019exporter \u00e0 New York, sur le terrain m\u00eame des g\u00e9ants am\u00e9ricains.<\/p>\n","protected":false},"excerpt":{"rendered":"\u00ab C\u2019est mon burger pr\u00e9f\u00e9r\u00e9. Crousti, fondant, comme il faut \u00bb, salive L\u00e9o, un sportif de 20 ans,&hellip;\n","protected":false},"author":2,"featured_media":176539,"comment_status":"","ping_status":"","sticky":false,"template":"","format":"standard","meta":{"footnotes":""},"categories":[1888],"tags":[1111,1928,11,1927,1777,674,1011,27,1944,12,1926,626,1925,25],"class_list":{"0":"post-176538","1":"post","2":"type-post","3":"status-publish","4":"format-standard","5":"has-post-thumbnail","7":"category-paris","8":"tag-actu","9":"tag-actu-paris","10":"tag-actualites","11":"tag-actualites-paris","12":"tag-eu","13":"tag-europe","14":"tag-fr","15":"tag-france","16":"tag-ma-ville","17":"tag-news","18":"tag-news-paris","19":"tag-paris","20":"tag-paris-news","21":"tag-republique-francaise"},"share_on_mastodon":{"url":"https:\/\/pubeurope.com\/@fr\/114683172849248555","error":""},"_links":{"self":[{"href":"https:\/\/www.europesays.com\/fr\/wp-json\/wp\/v2\/posts\/176538","targetHints":{"allow":["GET"]}}],"collection":[{"href":"https:\/\/www.europesays.com\/fr\/wp-json\/wp\/v2\/posts"}],"about":[{"href":"https:\/\/www.europesays.com\/fr\/wp-json\/wp\/v2\/types\/post"}],"author":[{"embeddable":true,"href":"https:\/\/www.europesays.com\/fr\/wp-json\/wp\/v2\/users\/2"}],"replies":[{"embeddable":true,"href":"https:\/\/www.europesays.com\/fr\/wp-json\/wp\/v2\/comments?post=176538"}],"version-history":[{"count":0,"href":"https:\/\/www.europesays.com\/fr\/wp-json\/wp\/v2\/posts\/176538\/revisions"}],"wp:featuredmedia":[{"embeddable":true,"href":"https:\/\/www.europesays.com\/fr\/wp-json\/wp\/v2\/media\/176539"}],"wp:attachment":[{"href":"https:\/\/www.europesays.com\/fr\/wp-json\/wp\/v2\/media?parent=176538"}],"wp:term":[{"taxonomy":"category","embeddable":true,"href":"https:\/\/www.europesays.com\/fr\/wp-json\/wp\/v2\/categories?post=176538"},{"taxonomy":"post_tag","embeddable":true,"href":"https:\/\/www.europesays.com\/fr\/wp-json\/wp\/v2\/tags?post=176538"}],"curies":[{"name":"wp","href":"https:\/\/api.w.org\/{rel}","templated":true}]}}