{"id":176548,"date":"2025-06-14T18:42:13","date_gmt":"2025-06-14T18:42:13","guid":{"rendered":"https:\/\/www.europesays.com\/fr\/176548\/"},"modified":"2025-06-14T18:42:13","modified_gmt":"2025-06-14T18:42:13","slug":"une-directrice-de-musee-decide-de-partir-apres-les-pressions-de-donald-trump","status":"publish","type":"post","link":"https:\/\/www.europesays.com\/fr\/176548\/","title":{"rendered":"Une directrice de mus\u00e9e d\u00e9cide de partir apr\u00e8s les pressions de Donald Trump"},"content":{"rendered":"<p><strong>C\u2019est pas moi, c\u2019est toi &#8211; Kim Sajet, directrice de la National Portrait Gallery, a annonc\u00e9 son d\u00e9part apr\u00e8s 12 ans au sein du mus\u00e9e, apr\u00e8s les nombreuses pressions de Donald Trump qui l\u2019a qualifi\u00e9e de \u00ab\u00a0personne tr\u00e8s partisane\u00a0\u00bb<\/strong><\/p>\n<p>Elle a pr\u00e9f\u00e9r\u00e9 partir avant que la d\u00e9cision ne vienne de plus haut. Kim Sajet, directrice de la <a href=\"https:\/\/www.20minutes.fr\/monde\/etats-unis\/4148314-20250412-etats-unis-maison-blanche-trump-remplace-portrait-obama-peinture-tentative-assassinat-ratee?at_medium=RSS%20feed&amp;at_campaign=ynews&amp;utm_source=yahoo&amp;utm_medium=rss&amp;utm_campaign=news_feed&amp;utm_content=in_article_link\" rel=\"nofollow noopener\" target=\"_blank\" data-ylk=\"slk:National Portrait Gallery;elm:context_link;itc:0;sec:content-canvas\" class=\"link \">National Portrait Gallery<\/a> a annonc\u00e9 son d\u00e9part, apr\u00e8s 12 ans \u00e0 la direction. Cette annonce fait suite, le 30\u00a0mai dernier, \u00e0 la d\u00e9cision de <a href=\"https:\/\/www.20minutes.fr\/dossier\/donald_trump?at_medium=RSS%20feed&amp;at_campaign=ynews&amp;utm_source=yahoo&amp;utm_medium=rss&amp;utm_campaign=news_feed&amp;utm_content=in_article_link\" rel=\"nofollow noopener\" target=\"_blank\" data-ylk=\"slk:Donald Trump;elm:context_link;itc:0;sec:content-canvas\" class=\"link \">Donald Trump <\/a>de virer l\u2019historienne de l\u2019art la qualifiant de \u00ab\u00a0personne tr\u00e8s partisane et fervente partisane du Diversit\u00e9, \u00e9quit\u00e9 et inclusion (DEI), ce qui est totalement inappropri\u00e9 pour son poste\u00a0\u00bb.<\/p>\n<p>\u00ab\u00a0Nous remercions Kim pour son engagement. Sa d\u00e9cision de donner la priorit\u00e9 au mus\u00e9e m\u00e9rite d\u2019\u00eatre salu\u00e9e et appr\u00e9ci\u00e9e. Je sais que ce n\u2019\u00e9tait pas une d\u00e9cision facile. Elle a fait passer les besoins de l\u2019institution avant les siens, et nous l\u2019en remercions\u00a0\u00bb, a \u00e9crit Lonnie Bunch, secr\u00e9taire du Smithsonian [l\u2019institution charg\u00e9e du mus\u00e9e], dans un courriel interne, consult\u00e9 par plusieurs m\u00e9dias am\u00e9ricains.<\/p>\n<p>\u00ab\u00a0Pas une d\u00e9cision facile\u00a0\u00bb<\/p>\n<p>Plus t\u00f4t dans la semaine, le conseil d\u2019administration du lieu avait rejet\u00e9 la demande de Donald Trump de la licencier, rappelant l\u2019ind\u00e9pendance du mus\u00e9e, explique <a href=\"https:\/\/www.theguardian.com\/us-news\/2025\/jun\/13\/kim-sajet-resigns-national-portrait-gallery-director?at_medium=RSS%20feed&amp;at_campaign=ynews&amp;utm_source=yahoo&amp;utm_medium=rss&amp;utm_campaign=news_feed&amp;utm_content=in_article_link\" rel=\"nofollow noopener\" target=\"_blank\" data-ylk=\"slk:The Guardian.;elm:context_link;itc:0;sec:content-canvas\" class=\"link \">The Guardian.<\/a><\/p>\n<p>Dans un communiqu\u00e9, Kim Sajet a d\u00e9clar\u00e9\u00a0: \u00ab\u00a0Ce n\u2019\u00e9tait pas une d\u00e9cision facile, mais je crois que c\u2019est la bonne. D\u00e8s le d\u00e9but, mon principe directeur a \u00e9t\u00e9 de donner la priorit\u00e9 au mus\u00e9e. Aujourd\u2019hui, je crois que me retirer est la meilleure fa\u00e7on de servir l\u2019institution qui me tient tant \u00e0 c\u0153ur.\u00a0\u00bb<\/p>\n<p>L\u2019Am\u00e9rique selon Trump<\/p>\n<p>Depuis le d\u00e9but de son second mandat, Donald Trump s\u2019est attaqu\u00e9 \u00e0 plusieurs reprises \u00e0 l\u2019industrie culturelle et notamm(&#8230;)<\/p>\n<p><a href=\"https:\/\/www.20minutes.fr\/arts-stars\/culture\/4158519-20250614-etats-unis-directrice-musee-decide-partir-apres-pressions-donald-trump?at_medium=RSS%20feed&amp;at_campaign=ynews&amp;utm_source=yahoo&amp;utm_medium=rss&amp;utm_campaign=news_feed&amp;utm_content=read_more_link&quot;\" rel=\"nofollow noopener\" target=\"_blank\" data-ylk=\"slk:Lire la suite sur 20minutes;elm:context_link;itc:0;sec:content-canvas\" class=\"link \">Lire la suite sur 20minutes<\/a><\/p>\n<p>\u00c0 lire aussi :<br \/><a href=\"https:\/\/www.20minutes.fr\/planete\/environnement\/4153497-20250514-etats-unis-donald-trump-decide-assouplir-reglementation-polluants-eternels-eau-potable?at_medium=RSS%20feed&amp;at_campaign=ynews&amp;utm_source=yahoo&amp;utm_medium=rss&amp;utm_campaign=news_feed&amp;utm_content=related_content_link\" rel=\"nofollow noopener\" target=\"_blank\" data-ylk=\"slk:Etats-Unis\u00a0: Donald Trump d\u00e9cide d\u2019assouplir la r\u00e9glementation sur les polluants \u00e9ternels dans l\u2019eau potable;elm:context_link;itc:0;sec:content-canvas\" class=\"link \">Etats-Unis\u00a0: Donald Trump d\u00e9cide d\u2019assouplir la r\u00e9glementation sur les polluants \u00e9ternels dans l\u2019eau potable<\/a><br \/><a href=\"https:\/\/www.20minutes.fr\/monde\/4154372-20250520-etats-unis-patronne-cbs-news-jette-eponge-face-pressions-politiques-donald-trump?at_medium=RSS%20feed&amp;at_campaign=ynews&amp;utm_source=yahoo&amp;utm_medium=rss&amp;utm_campaign=news_feed&amp;utm_content=related_content_link\" rel=\"nofollow noopener\" target=\"_blank\" data-ylk=\"slk:Etats-Unis\u00a0: La patronne de CBS News jette l\u2019\u00e9ponge face aux pressions politiques de Donald Trump;elm:context_link;itc:0;sec:content-canvas\" class=\"link \">Etats-Unis\u00a0: La patronne de CBS News jette l\u2019\u00e9ponge face aux pressions politiques de Donald Trump<\/a><\/p>\n","protected":false},"excerpt":{"rendered":"C\u2019est pas moi, c\u2019est toi &#8211; Kim Sajet, directrice de la National Portrait Gallery, a annonc\u00e9 son d\u00e9part&hellip;\n","protected":false},"author":2,"featured_media":176549,"comment_status":"","ping_status":"","sticky":false,"template":"","format":"standard","meta":{"footnotes":""},"categories":[1589],"tags":[11,75,73,1866,31228,3048,31227,12,1864,1865,1863,308],"class_list":{"0":"post-176548","1":"post","2":"type-post","3":"status-publish","4":"format-standard","5":"has-post-thumbnail","7":"category-etats-unis","8":"tag-actualites","9":"tag-donald-trump","10":"tag-etats-unis","11":"tag-etats-unis-damerique","12":"tag-kim-sajet","13":"tag-musee","14":"tag-national-portrait-gallery","15":"tag-news","16":"tag-united-states","17":"tag-united-states-of-america","18":"tag-us","19":"tag-usa"},"share_on_mastodon":{"url":"https:\/\/pubeurope.com\/@fr\/114683192479170495","error":""},"_links":{"self":[{"href":"https:\/\/www.europesays.com\/fr\/wp-json\/wp\/v2\/posts\/176548","targetHints":{"allow":["GET"]}}],"collection":[{"href":"https:\/\/www.europesays.com\/fr\/wp-json\/wp\/v2\/posts"}],"about":[{"href":"https:\/\/www.europesays.com\/fr\/wp-json\/wp\/v2\/types\/post"}],"author":[{"embeddable":true,"href":"https:\/\/www.europesays.com\/fr\/wp-json\/wp\/v2\/users\/2"}],"replies":[{"embeddable":true,"href":"https:\/\/www.europesays.com\/fr\/wp-json\/wp\/v2\/comments?post=176548"}],"version-history":[{"count":0,"href":"https:\/\/www.europesays.com\/fr\/wp-json\/wp\/v2\/posts\/176548\/revisions"}],"wp:featuredmedia":[{"embeddable":true,"href":"https:\/\/www.europesays.com\/fr\/wp-json\/wp\/v2\/media\/176549"}],"wp:attachment":[{"href":"https:\/\/www.europesays.com\/fr\/wp-json\/wp\/v2\/media?parent=176548"}],"wp:term":[{"taxonomy":"category","embeddable":true,"href":"https:\/\/www.europesays.com\/fr\/wp-json\/wp\/v2\/categories?post=176548"},{"taxonomy":"post_tag","embeddable":true,"href":"https:\/\/www.europesays.com\/fr\/wp-json\/wp\/v2\/tags?post=176548"}],"curies":[{"name":"wp","href":"https:\/\/api.w.org\/{rel}","templated":true}]}}