{"id":176551,"date":"2025-06-14T18:44:16","date_gmt":"2025-06-14T18:44:16","guid":{"rendered":"https:\/\/www.europesays.com\/fr\/176551\/"},"modified":"2025-06-14T18:44:16","modified_gmt":"2025-06-14T18:44:16","slug":"pont-saint-esprit-quatre-jeunes-du-conseil-municipal-sont-partis-en-allemagne","status":"publish","type":"post","link":"https:\/\/www.europesays.com\/fr\/176551\/","title":{"rendered":"Pont-Saint-Esprit. Quatre jeunes du conseil municipal sont partis en Allemagne"},"content":{"rendered":"<p>Quatre jeunes du conseil municipal des jeunes (CMJ), sont partis vendredi 13\u00a0juin au matin en direction d\u2019Egelsbach, pour les 750 ans de la ville jumelle allemande avec Pont-Saint-Esprit. Cette participation de la jeunesse spiripontaine a pour but de participer aux c\u00e9l\u00e9brations organis\u00e9es par la municipalit\u00e9 allemande et repr\u00e9senter la ville. Pour ce p\u00e9riple de plusieurs jours, les adolescents \u00e9taient accompagn\u00e9s de deux \u00e9lues\u00a0: V\u00e9rah Randrianasolonandrasa et Mireilla Raveloson, et de l\u2019animateur du CMJ.<\/p>\n","protected":false},"excerpt":{"rendered":"Quatre jeunes du conseil municipal des jeunes (CMJ), sont partis vendredi 13\u00a0juin au matin en direction d\u2019Egelsbach, pour&hellip;\n","protected":false},"author":2,"featured_media":176552,"comment_status":"","ping_status":"","sticky":false,"template":"","format":"standard","meta":{"footnotes":""},"categories":[1587],"tags":[11,672,1804,1984,1805,1803,3859,1777,674,1801,12,31230,316,31229,1802],"class_list":{"0":"post-176551","1":"post","2":"type-post","3":"status-publish","4":"format-standard","5":"has-post-thumbnail","7":"category-allemagne","8":"tag-actualites","9":"tag-allemagne","10":"tag-bundesrepublik-deutschland","11":"tag-conseil-municipal","12":"tag-de","13":"tag-deutschland","14":"tag-edition-provencale","15":"tag-eu","16":"tag-europe","17":"tag-germany","18":"tag-news","19":"tag-pays-bollenois","20":"tag-politique","21":"tag-pont-saint-esprit","22":"tag-republique-federale-dallemagne"},"share_on_mastodon":{"url":"https:\/\/pubeurope.com\/@fr\/114683200407412102","error":""},"_links":{"self":[{"href":"https:\/\/www.europesays.com\/fr\/wp-json\/wp\/v2\/posts\/176551","targetHints":{"allow":["GET"]}}],"collection":[{"href":"https:\/\/www.europesays.com\/fr\/wp-json\/wp\/v2\/posts"}],"about":[{"href":"https:\/\/www.europesays.com\/fr\/wp-json\/wp\/v2\/types\/post"}],"author":[{"embeddable":true,"href":"https:\/\/www.europesays.com\/fr\/wp-json\/wp\/v2\/users\/2"}],"replies":[{"embeddable":true,"href":"https:\/\/www.europesays.com\/fr\/wp-json\/wp\/v2\/comments?post=176551"}],"version-history":[{"count":0,"href":"https:\/\/www.europesays.com\/fr\/wp-json\/wp\/v2\/posts\/176551\/revisions"}],"wp:featuredmedia":[{"embeddable":true,"href":"https:\/\/www.europesays.com\/fr\/wp-json\/wp\/v2\/media\/176552"}],"wp:attachment":[{"href":"https:\/\/www.europesays.com\/fr\/wp-json\/wp\/v2\/media?parent=176551"}],"wp:term":[{"taxonomy":"category","embeddable":true,"href":"https:\/\/www.europesays.com\/fr\/wp-json\/wp\/v2\/categories?post=176551"},{"taxonomy":"post_tag","embeddable":true,"href":"https:\/\/www.europesays.com\/fr\/wp-json\/wp\/v2\/tags?post=176551"}],"curies":[{"name":"wp","href":"https:\/\/api.w.org\/{rel}","templated":true}]}}