{"id":176565,"date":"2025-06-14T18:53:12","date_gmt":"2025-06-14T18:53:12","guid":{"rendered":"https:\/\/www.europesays.com\/fr\/176565\/"},"modified":"2025-06-14T18:53:12","modified_gmt":"2025-06-14T18:53:12","slug":"atp-stuttgart-la-nouvelle-philosophie-de-zverev-qualifie-en-finale-pour-preparer-wimbledon-je-vais-aller-a-majorque-prendre-quelques-vacances-et-ensuite-aller-jouer","status":"publish","type":"post","link":"https:\/\/www.europesays.com\/fr\/176565\/","title":{"rendered":"ATP &#8211; Stuttgart > La nouvelle philosophie de Zverev, qualifie\u00a0en\u00a0finale : \u00ab\u00a0Pour pr\u00e9parer Wimbledon je vais aller \u00e0 Majorque prendre quelques vacances et ensuite\u00a0aller\u00a0jouer\u00a0\u00bb"},"content":{"rendered":"<p>Apr\u00e8s son \u00e9limi\u00adna\u00adtion en quart de finale de Roland\u2010Garros contre Novak Djokovic, Alexander Zverev s\u2019\u00e9tait accord\u00e9 un peu de repos. Le num\u00e9ro trois mondial s\u2019est ressourc\u00e9 \u00e0 Majorque, et en a profit\u00e9 pour jouer au golf. Un sport auquel de nombreux visages du circuit s\u2019adonnent pour d\u00e9com\u00adpresser, comme Casper Ruud, Carlos Alcaraz, Rafael Nadal et Andy Murray.\u00a0<\/p>\n<p>Visiblement, l\u2019Allemand a tir\u00e9 profit de son s\u00e9jour en Espagne, le voici en finale de l\u2019ATP 250 de Stuttgart, o\u00f9 il tentera de d\u00e9cro\u00adcher son premier titre sur gazon, contre Taylor Fritz.<\/p>\n<p>En inter\u00adview sur le court, apr\u00e8s sa victoire contre Ben Shelton (7\u22126, 7\u20136), la jour\u00adna\u00adliste, lui a demand\u00e9 si sa paren\u00adth\u00e8se \u00e0 Majorque \u00e9tait respon\u00adsable de ses bons r\u00e9sul\u00adtats. Le triple fina\u00adliste en Grand Chelem a r\u00e9pondu avec beau\u00adcoup d\u2019humour.<\/p>\n<p><strong>\u00ab\u202fJe vais faire la m\u00eame chose \u00e0 Wimbledon, je vais juste aller \u00e0 Majorque prendre quelques vacances et ensuite aller jouer \u00e0 Wimbledon (rire). Non, mais je suis super heureux d\u2019\u00eatre en finale en Allemagne. Encore demain un adver\u00adsaire tr\u00e8s diffi\u00adcile avec Taylor et j\u2019ai\u00a0h\u00e2te\u00a0d\u2019y\u00a0\u00eatre\u202f\u00bb.<\/strong><\/p>\n<p class=\"post-published-date\" style=\"color: silver; font-size: 75%; text-align: left;\">Publi\u00e9 le samedi 14 juin 2025 \u00e0 18:40<\/p>\n","protected":false},"excerpt":{"rendered":"Apr\u00e8s son \u00e9limi\u00adna\u00adtion en quart de finale de Roland\u2010Garros contre Novak Djokovic, Alexander Zverev s\u2019\u00e9tait accord\u00e9 un peu&hellip;\n","protected":false},"author":2,"featured_media":176566,"comment_status":"","ping_status":"","sticky":false,"template":"","format":"standard","meta":{"footnotes":""},"categories":[1415],"tags":[1744,4737,105,1011,27,1960,60,1467,4542],"class_list":{"0":"post-176565","1":"post","2":"type-post","3":"status-publish","4":"format-standard","5":"has-post-thumbnail","7":"category-tennis","8":"tag-alcaraz","9":"tag-andy-murray","10":"tag-djokovic","11":"tag-fr","12":"tag-france","13":"tag-nadal","14":"tag-sports","15":"tag-tennis","16":"tag-zverev"},"share_on_mastodon":{"url":"https:\/\/pubeurope.com\/@fr\/114683235694344771","error":""},"_links":{"self":[{"href":"https:\/\/www.europesays.com\/fr\/wp-json\/wp\/v2\/posts\/176565","targetHints":{"allow":["GET"]}}],"collection":[{"href":"https:\/\/www.europesays.com\/fr\/wp-json\/wp\/v2\/posts"}],"about":[{"href":"https:\/\/www.europesays.com\/fr\/wp-json\/wp\/v2\/types\/post"}],"author":[{"embeddable":true,"href":"https:\/\/www.europesays.com\/fr\/wp-json\/wp\/v2\/users\/2"}],"replies":[{"embeddable":true,"href":"https:\/\/www.europesays.com\/fr\/wp-json\/wp\/v2\/comments?post=176565"}],"version-history":[{"count":0,"href":"https:\/\/www.europesays.com\/fr\/wp-json\/wp\/v2\/posts\/176565\/revisions"}],"wp:featuredmedia":[{"embeddable":true,"href":"https:\/\/www.europesays.com\/fr\/wp-json\/wp\/v2\/media\/176566"}],"wp:attachment":[{"href":"https:\/\/www.europesays.com\/fr\/wp-json\/wp\/v2\/media?parent=176565"}],"wp:term":[{"taxonomy":"category","embeddable":true,"href":"https:\/\/www.europesays.com\/fr\/wp-json\/wp\/v2\/categories?post=176565"},{"taxonomy":"post_tag","embeddable":true,"href":"https:\/\/www.europesays.com\/fr\/wp-json\/wp\/v2\/tags?post=176565"}],"curies":[{"name":"wp","href":"https:\/\/api.w.org\/{rel}","templated":true}]}}