{"id":176576,"date":"2025-06-14T19:00:11","date_gmt":"2025-06-14T19:00:11","guid":{"rendered":"https:\/\/www.europesays.com\/fr\/176576\/"},"modified":"2025-06-14T19:00:11","modified_gmt":"2025-06-14T19:00:11","slug":"cest-quoi-ces-statues-danimaux-colorees-qui-ont-fait-leur-apparition-a-saint-raphael","status":"publish","type":"post","link":"https:\/\/www.europesays.com\/fr\/176576\/","title":{"rendered":"C&rsquo;est quoi ces statues d&rsquo;animaux color\u00e9es qui ont fait leur apparition \u00e0 Saint-Rapha\u00ebl?"},"content":{"rendered":"<p>Un bestiaire multicolore a envahi le centre de Saint-Rapha\u00ebl, sign\u00e9 Richard Orlinski. Consid\u00e9r\u00e9 comme l\u2019artiste fran\u00e7ais le plus vendu \u00e0 l\u2019international, le plasticien a ponctu\u00e9 la cit\u00e9 de l\u2019Archange de touches de r\u00e9sines animali\u00e8res au travers du c\u0153ur de ville.<\/p>\n<p>Gorilles, crocodile, requin ou encore ours, cerf et \u00e9l\u00e9phant, un curieux man\u00e8ge de sept \u0153uvres a pris possession des lieux jusqu\u2019au 21 septembre.<\/p>\n<p>Si le fameux Wild Kong est une \u0153uvre embl\u00e9matique de Richard Orlinski, gueule ouverte sur des crocs effrayants, martelant son torse de ses poings mena\u00e7ants, l\u2019artiste parisien fait une entr\u00e9e fracassante dans le monde l\u2019art en 2004 avec sa premi\u00e8re et n\u00e9anmoins iconique \u0153uvre du crocodile, une sculpture en r\u00e9sine rouge vif puissante et \u00e9vocatrice.<\/p>\n<p>              <img ci-src=\"https:\/\/www.varmatin.com\/expos\/protec\/DATA_ART_15715897-DI0WVqNA.jpg?vh=ed52f1&amp;ci_seal=91abdd2269\" alt=\"\"\/><br \/>\n        Wild Kong est une \u0153uvre embl\u00e9matique de Richard Orlinski. <strong>Photo Cl\u00e9ment Tiberghien.<\/strong> <\/p>\n<p>Laquelle tr\u00f4ne, en majest\u00e9, devant le centre culturel rapha\u00eblois. Si les \u0153uvres de l\u2019artiste avaient \u00e9t\u00e9 vandalis\u00e9es, \u00e0 Nice, en juin 2023, l\u2019accueil rapha\u00eblois est sans partage.<\/p>\n<p>Face aux m\u00e2choires ac\u00e9r\u00e9es du saurien monumental, les regards \u00e9tonn\u00e9s se succ\u00e8dent, piqu\u00e9s de curiosit\u00e9.<\/p>\n<p>Passants conquis<\/p>\n<p>\u00ab\u00a0J\u2019aime beaucoup!\u00a0\u00bb glisse Genevi\u00e8ve dans un rire, \u00ab\u00a0\u00e7a accroche le regard, on ne peut pas le louper \u00e7a c\u2019est s\u00fbr!\u00a0\u00bb Un point de vue que partage un attroupement de s\u00e9niors, amus\u00e9s.<\/p>\n<p>              <img ci-src=\"https:\/\/www.varmatin.com\/expos\/protec\/DATA_ART_15715895-7oxbMO6l.jpg?vh=3ff3ff&amp;ci_seal=6e67b04d3a\" alt=\"\"\/><br \/>\n        Les photographes s\u2019en donnent \u00e0 c\u0153ur joie. <strong>Photo Cl\u00e9ment Tiberghien.<\/strong> <\/p>\n<p>\u00ab\u00a0C\u2019est pas mal du tout, on le regarde avec plaisir!\u00a0\u00bb lancent Jacqueline et Georges, de concert, et leur ami Michel d\u2019ajouter, l\u2019\u0153il taquin: \u00ab\u00a0Le seul regret c\u2019est qu\u2019on ne peut pas faire le tour de la ville sur son dos. Pour descendre \u00e0 la plage ce serait pas mal au lieu de prendre le v\u00e9lo!\u00a0\u00bb<\/p>\n<p>Face au requin qui expose le clinquant de son jaune face \u00e0 la plage du Veillat, Andr\u00e9, Fr\u00e9jusien, immortalise l\u2019exposition \u00e0 ciel ouvert, bo\u00eetier photo \u00e0 la main.<\/p>\n<p>\u00ab\u00a0\u00c7a change un peu, c\u2019est flashy, c\u2019est sympa et la lumi\u00e8re du matin est plus douce pour les mettre en valeur! \u00c0 Saint-Rapha\u00ebl, on met souvent l\u2019art dans la rue et j\u2019adore \u00e7a!\u00a0\u00bb <\/p>\n<p>Sous la grande roue, les passants s\u2019attardent face \u00e0 un \u00ab\u00a0wild kong\u00a0\u00bb monumental, d\u2019un rouge p\u00e9tant, les yeux tourn\u00e9s vers l\u2019horizon de la baie rapha\u00ebloise, en gardien de la cit\u00e9 de l\u2019Archange.<\/p>\n<p>              <img ci-src=\"https:\/\/www.varmatin.com\/expos\/protec\/DATA_ART_15715893-srLEt508.jpg?vh=48186c&amp;ci_seal=15083da73d\" alt=\"\"\/><br \/>\n        Les sculptures monumentales font tourner les t\u00eates. <strong>Photo Cl\u00e9ment Tiberghien.<\/strong> <\/p>\n","protected":false},"excerpt":{"rendered":"Un bestiaire multicolore a envahi le centre de Saint-Rapha\u00ebl, sign\u00e9 Richard Orlinski. Consid\u00e9r\u00e9 comme l\u2019artiste fran\u00e7ais le plus&hellip;\n","protected":false},"author":2,"featured_media":176577,"comment_status":"","ping_status":"","sticky":false,"template":"","format":"standard","meta":{"footnotes":""},"categories":[1358],"tags":[1348,1384,1385,8981,251,1386,58,59,8202,1011,27],"class_list":{"0":"post-176576","1":"post","2":"type-post","3":"status-publish","4":"format-standard","5":"has-post-thumbnail","7":"category-arts-et-design","8":"tag-arts","9":"tag-arts-and-design","10":"tag-arts-et-design","11":"tag-arts-plastiques","12":"tag-culture","13":"tag-design","14":"tag-divertissement","15":"tag-entertainment","16":"tag-expos","17":"tag-fr","18":"tag-france"},"share_on_mastodon":{"url":"https:\/\/pubeurope.com\/@fr\/114683263354117267","error":""},"_links":{"self":[{"href":"https:\/\/www.europesays.com\/fr\/wp-json\/wp\/v2\/posts\/176576","targetHints":{"allow":["GET"]}}],"collection":[{"href":"https:\/\/www.europesays.com\/fr\/wp-json\/wp\/v2\/posts"}],"about":[{"href":"https:\/\/www.europesays.com\/fr\/wp-json\/wp\/v2\/types\/post"}],"author":[{"embeddable":true,"href":"https:\/\/www.europesays.com\/fr\/wp-json\/wp\/v2\/users\/2"}],"replies":[{"embeddable":true,"href":"https:\/\/www.europesays.com\/fr\/wp-json\/wp\/v2\/comments?post=176576"}],"version-history":[{"count":0,"href":"https:\/\/www.europesays.com\/fr\/wp-json\/wp\/v2\/posts\/176576\/revisions"}],"wp:featuredmedia":[{"embeddable":true,"href":"https:\/\/www.europesays.com\/fr\/wp-json\/wp\/v2\/media\/176577"}],"wp:attachment":[{"href":"https:\/\/www.europesays.com\/fr\/wp-json\/wp\/v2\/media?parent=176576"}],"wp:term":[{"taxonomy":"category","embeddable":true,"href":"https:\/\/www.europesays.com\/fr\/wp-json\/wp\/v2\/categories?post=176576"},{"taxonomy":"post_tag","embeddable":true,"href":"https:\/\/www.europesays.com\/fr\/wp-json\/wp\/v2\/tags?post=176576"}],"curies":[{"name":"wp","href":"https:\/\/api.w.org\/{rel}","templated":true}]}}