{"id":176578,"date":"2025-06-14T19:01:11","date_gmt":"2025-06-14T19:01:11","guid":{"rendered":"https:\/\/www.europesays.com\/fr\/176578\/"},"modified":"2025-06-14T19:01:11","modified_gmt":"2025-06-14T19:01:11","slug":"kingersheim-festival-partir-en-livres-cette-annee-les-animaux-se-taillent-la-part-du-lion-lalsace","status":"publish","type":"post","link":"https:\/\/www.europesays.com\/fr\/176578\/","title":{"rendered":"Kingersheim. Festival Partir en livres : cette ann\u00e9e, les animaux se taillent la part du lion &#8211; L&#039;Alsace"},"content":{"rendered":"<ol>\n<li><a href=\"https:\/\/news.google.com\/rss\/articles\/CBMixgFBVV95cUxNZER3S04xbHFKMFRCNHhkQjVYT3V1VFRNMzhqVkc2b3VaOC1TcHphTnBDbTNPTlRPaVlFbmgzSXgwR3k1Vl9MalBVQkJxOHhjR2d2VjhmODhBc0wyYVI5S2JkZ2lZSF9GV3o2a0dYVWduSWlsTzVYam41V2pNdzZGejdWaVlpQldrX2owM2l5Y205WE5LQklCWDhxZ1NMeWFhWU9udC05NzNBZXQ1TmxIb0hrazR3WDNfU005NlBzTmJDM2xaNXc?oc=5\" target=\"_blank\" rel=\"noopener\">Kingersheim. Festival Partir en livres : cette ann\u00e9e, les animaux se taillent la part du lion<\/a>&nbsp;&nbsp;L&rsquo;Alsace<\/li>\n<li><a href=\"https:\/\/news.google.com\/rss\/articles\/CBMirAFBVV95cUxPcWFfcmJqUWt3b1A5Vzd2Ull3aFVFVGdqV2hiNEJLRURVdFgteTIzVzUtN2E1WUh6Y09US25OUDk1R3F3SUFzNngtU1ZFd282djBhbnRzOVNVcUZMV3BPbkZHMm8xMFkzVHkxTXJsVTJHMDEwR2pUelRKbnRDY1RlcTNKQUxUbG81X2hQcUFGMkxjeTItRkEyeXNqZ3huc1JCN0RHWGxwTWd1TXVT?oc=5\" target=\"_blank\" rel=\"noopener\">Champsaur-Valgaudemar. Partir en livre investit les m\u00e9diath\u00e8ques d\u00e8s ce mardi<\/a>&nbsp;&nbsp;Le Dauphin\u00e9 Lib\u00e9r\u00e9<\/li>\n<li><a href=\"https:\/\/news.google.com\/rss\/articles\/CBMi1AFBVV95cUxPb1FDenBQV1JSYjgxSVRkaWZPa25qMXIwdHhkeE1rTXVoUzliTmJXTzJHNG9EaS1MUmtKMjVRUFFMNEtXU0U2emU5MkVzYURiRGpUMy1pcEt4SnpWMGdha29qUW4zTUUzak9pTEtGdHZFNWhNNHRQSTR0Yllqc29Nekg1bndNTENsQk8yeVZESm9UQW9lWDJ0MzdwYVdFY2FjQTlNU083dms5T2ZWeURlM3pjVzFKYWt5bkxFSXZTbEpnMFB5VENrUVNSbnRTNnhJeEFQeQ?oc=5\" target=\"_blank\" rel=\"noopener\">Val de Briey. Partir en livre : les nouvelles animations au poil des mois de juin et juillet<\/a>&nbsp;&nbsp;Le Republicain Lorrain<\/li>\n<li><a href=\"https:\/\/news.google.com\/rss\/articles\/CBMirwFBVV95cUxNaEZzbEZhaE5abnlvVTRhcmFKUnhnSUE2aU4zUEJIT2VfUzFjbHpDRmNlOFZIbGtPeFZGV1VObFRuLWZ3ZFROTFlWMnhGbXpYRVFwUVYtUjN5T2JkNks4bXV3SlNEaTRkWGc4T1JiZTB4cFFMTGE5Y1ppZGhDd2d4N3RjLWtMLWQ2WWFnYjR4UG9GVlpGZGZCbjVPQ0ozbjJfdG5QdUtpRDVKUzFGcFVZ?oc=5\" target=\"_blank\" rel=\"noopener\">\u00ab Partir en livre \u00bb \u00e0 l\u2019\u00e9curie des Crins Noirs le 28 juin<\/a>&nbsp;&nbsp;L&rsquo;Est R\u00e9publicain<\/li>\n<li><a href=\"https:\/\/news.google.com\/rss\/articles\/CBMizwFBVV95cUxQcW5uSFpQbXFLekRzOUlJc3V6TE1nSEtzMWsyMHh5NzVsVTUyNnRhMXNVTGowLUVnaHh6OUl6Q2lQVDhGdm8xa0VuMnFmYndGZHd2WDdPT3B2eUdBam5ldV9vWTVYbEFmRlFvYXpiTDZpc3NGZGFveXNIVHhma05nczBaSGZiUGJjdFFyUE1leDBueW9WWThsUjl0Z0tqWjZqTC1oN1BMcjVhUF9BTm8yRnBqcXhrb2JGa1JLRnJzdGxyNGtXXzVGbmNnSE1VVXM?oc=5\" target=\"_blank\" rel=\"noopener\">La Chapelle-sur-Erdre. Un \u00e9t\u00e9 pour parler des animaux avec les plus jeunes<\/a>&nbsp;&nbsp;Maville Nantes<\/li>\n<\/ol>\n","protected":false},"excerpt":{"rendered":"Kingersheim. Festival Partir en livres : cette ann\u00e9e, les animaux se taillent la part du lion&nbsp;&nbsp;L&rsquo;Alsace Champsaur-Valgaudemar. Partir&hellip;\n","protected":false},"author":2,"featured_media":176579,"comment_status":"","ping_status":"","sticky":false,"template":"","format":"standard","meta":{"footnotes":""},"categories":[1357],"tags":[1379,1687,58,1636,59,1011,27,31231,1380,11677],"class_list":{"0":"post-176578","1":"post","2":"type-post","3":"status-publish","4":"format-standard","5":"has-post-thumbnail","7":"category-livres","8":"tag-books","9":"tag-culture-loisirs","10":"tag-divertissement","11":"tag-edition-mulhouse-thann","12":"tag-entertainment","13":"tag-fr","14":"tag-france","15":"tag-kingersheim","16":"tag-livres","17":"tag-tout-autour-de-mulhouse"},"share_on_mastodon":{"url":"https:\/\/pubeurope.com\/@fr\/114683267237116481","error":""},"_links":{"self":[{"href":"https:\/\/www.europesays.com\/fr\/wp-json\/wp\/v2\/posts\/176578","targetHints":{"allow":["GET"]}}],"collection":[{"href":"https:\/\/www.europesays.com\/fr\/wp-json\/wp\/v2\/posts"}],"about":[{"href":"https:\/\/www.europesays.com\/fr\/wp-json\/wp\/v2\/types\/post"}],"author":[{"embeddable":true,"href":"https:\/\/www.europesays.com\/fr\/wp-json\/wp\/v2\/users\/2"}],"replies":[{"embeddable":true,"href":"https:\/\/www.europesays.com\/fr\/wp-json\/wp\/v2\/comments?post=176578"}],"version-history":[{"count":0,"href":"https:\/\/www.europesays.com\/fr\/wp-json\/wp\/v2\/posts\/176578\/revisions"}],"wp:featuredmedia":[{"embeddable":true,"href":"https:\/\/www.europesays.com\/fr\/wp-json\/wp\/v2\/media\/176579"}],"wp:attachment":[{"href":"https:\/\/www.europesays.com\/fr\/wp-json\/wp\/v2\/media?parent=176578"}],"wp:term":[{"taxonomy":"category","embeddable":true,"href":"https:\/\/www.europesays.com\/fr\/wp-json\/wp\/v2\/categories?post=176578"},{"taxonomy":"post_tag","embeddable":true,"href":"https:\/\/www.europesays.com\/fr\/wp-json\/wp\/v2\/tags?post=176578"}],"curies":[{"name":"wp","href":"https:\/\/api.w.org\/{rel}","templated":true}]}}