{"id":176580,"date":"2025-06-14T19:02:14","date_gmt":"2025-06-14T19:02:14","guid":{"rendered":"https:\/\/www.europesays.com\/fr\/176580\/"},"modified":"2025-06-14T19:02:14","modified_gmt":"2025-06-14T19:02:14","slug":"bryan-cranston-hal-nous-explique-pourquoi-dewey-ne-sera-pas-de-retour","status":"publish","type":"post","link":"https:\/\/www.europesays.com\/fr\/176580\/","title":{"rendered":"Bryan Cranston (Hal) nous explique pourquoi Dewey ne sera pas de retour"},"content":{"rendered":"<p>Depuis <a href=\"https:\/\/www.journaldugeek.com\/2024\/12\/13\/surprise-disney-va-faire-revenir-malcom\/\" target=\"_blank\" rel=\"noopener\">d\u00e9cembre dernier<\/a>, c\u2019est officiel. Malcolm in the Middle, la c\u00e9l\u00e8bre s\u00e9rie du d\u00e9but des ann\u00e9es 2000 <a href=\"https:\/\/www.journaldugeek.com\/2024\/12\/13\/surprise-disney-va-faire-revenir-malcom\/\" target=\"_blank\" rel=\"noopener\">va revenir par l\u2019interm\u00e9diaire d\u2019une ultime saison<\/a> sur Disney+. Cette saison bonus sera compos\u00e9e <strong>de quatre \u00e9pisodes<\/strong> et devrait mettre en sc\u00e8ne Malcolm qui est d\u00e9sormais, lui aussi, confront\u00e9 aux d\u00e9fis de la parentalit\u00e9.<\/p>\n<p>On sait d\u00e9j\u00e0 que Franckie Muniz (Malcolm), Bryan Cranston (Hal), Jane Kaczmarek (Lois), Christopher Masterson (Francis) et Justin Berfield (Reese) <strong>reprendront leurs r\u00f4les<\/strong>. H\u00e9las, pour ce qui est de Erik Per Sullivan (Dewey), <strong>ce dernier sera absent<\/strong>, remplac\u00e9 par Caleb Ellsworth-Clark (The Expanse). Aujourd\u2019hui, on en sait un peu plus sur cette absence.<\/p>\n<p>Erik Per Sullivan\u00a0: une ancienne vie, bien loin derri\u00e8re lui<br \/>\n<img loading=\"lazy\" decoding=\"async\" class=\"size-full wp-image-50553875\" src=\"https:\/\/www.europesays.com\/fr\/wp-content\/uploads\/2025\/06\/erik-per-sullivan-dewey.jpg\" alt=\"Erik Per Sullivan Dewey\" width=\"1920\" height=\"1280\"  \/>\u00a9 FOX<\/p>\n<p>Le tournage de la saison 8 de Malcolm <strong>s\u2019est achev\u00e9 le 17 mai dernier<\/strong>. C\u2019est via les r\u00e9seaux sociaux que Frankie Muniz a <a href=\"https:\/\/x.com\/frankiemuniz\/status\/1923499180288364743\" target=\"_blank\" rel=\"nofollow noopener\">confirm\u00e9 l\u2019information<\/a>. De son c\u00f4t\u00e9, Bryan Cranston (Hal) n\u2019a pas cach\u00e9 son enthousiasme, promettant aux fans que cette nouvelle saison serait \u00ab\u00a0hilarante et sinc\u00e8re\u00a0\u00bb.<\/p>\n<p>Cette saison 8, <strong>qui arrive 18 ans apr\u00e8s le final de la saison 7<\/strong>, reste un assez gros d\u00e9fi. Bien que la majeure partie des acteurs principaux seront l\u00e0, il faudra faire avec <strong>l\u2019absence d\u2019Erik Per Sullivan<\/strong> qui incarnait brillamment Dewey. Ce dernier n\u2019a pas souhait\u00e9 reprendre son r\u00f4le pour cette ultime saison.<\/p>\n<p>Le jeune acteur avait rapidement <strong>quitt\u00e9 les plateaux de tournage en 2010<\/strong>, peu de temps apr\u00e8s la saison finale de Malcolm. Aujourd\u2019hui, il poursuit sa vie, loin des cam\u00e9ras. C\u2019est en toute logique que le jeune homme d\u00e9sormais \u00e2g\u00e9 de 33 ans <strong>n\u2019a pas voulu reprendre son r\u00f4le<\/strong>.<\/p>\n<p>Au cours du dernier podcast <a href=\"https:\/\/podcasts.apple.com\/us\/podcast\/bryan-cranston\/id1603639502?i=1000712399466\" target=\"_blank\" rel=\"nofollow noopener\">Fly on the Wall<\/a>, Bryan Cranston a donn\u00e9 un peu plus de d\u00e9tails. Il nous apprend qu\u2019Erik Per Sullivant est actuellement \u00e9l\u00e8ve <strong>\u00e0 la prestigieuse universit\u00e9 d\u2019Harvard<\/strong> et qu\u2019il pr\u00e9pare un Master. Il poursuit en confirmant que ce dernier est tr\u00e8s enthousiaste \u00e0 l\u2019id\u00e9e de voir la s\u00e9rie revenir, mais qu\u2019il souhaite ne pas y prendre part\u00a0:<\/p>\n<blockquote>\n<p>\u00ab\u00a0C\u2019est incroyable de voir comment ces gar\u00e7ons qui \u00e9taient mes gar\u00e7ons dans cette s\u00e9rie ont maintenant \u00e0 peu pr\u00e8s le m\u00eame \u00e2ge que moi lorsque nous avons commenc\u00e9, et ils ont leurs propres enfants [\u2026] J\u2019ai parl\u00e9 \u00e0 Erik et je lui ai dit\u00a0: \u201cTiens, on a la s\u00e9rie\u00a0! Elle va revenir\u201d \u2013 Il m\u2019a r\u00e9pondu\u00a0: \u201cOh, c\u2019est fantastique\u00a0!\u201d<br \/>Et j\u2019ai r\u00e9pondu\u00a0: \u201cOuais, on a h\u00e2te de te revoir.\u201d Et il a r\u00e9pondu\u00a0: \u201cOh, non, non, je ne veux pas. Mais c\u2019est fantastique.\u201d\u00a0\u00bb.<\/p>\n<\/blockquote>\n<p>Bryan Cranston poursuit dans le podcast\u00a0:<\/p>\n<blockquote>\n<p>\u00ab\u00a0Il va effectivement \u00e0 Harvard. Il est vraiment tr\u00e8s intelligent, et il est en train de pr\u00e9parer son master \u00e0 Harvard. Il m\u2019a dit\u00a0: \u201cOh mon Dieu, non, je n\u2019ai pas jou\u00e9 depuis l\u2019\u00e2ge de 9 ans. Donc \u00e7a ne m\u2019int\u00e9resse pas.\u201d\u00a0\u00bb<\/p>\n<\/blockquote>\n<p>C\u2019est donc l\u2019acteur Caleb Ellsworth-Clark qui aura <strong>la lourde t\u00e2che<\/strong> de succ\u00e9der \u00e0 Erik Per Sullivan qui a fait rigoler toute une g\u00e9n\u00e9ration de spectateurs avec son interpr\u00e9tation parfaite de Dewey.<\/p>\n<p>Dans cette nouvelle et ultime saison de Malcolm, toute la famille se retrouver pour <strong>c\u00e9l\u00e9brer les 40 ans de mariage de Hal et Lois<\/strong>. Malcolm retrouve donc sa famille avec sa compagne et <strong>leur fille, Leah<\/strong>, d\u00e9crite comme tr\u00e8s ind\u00e9pendante et \u00ab\u00a0d\u00e9j\u00e0 plus sage que la plupart de sa famille\u00a0\u00bb.<\/p>\n<p>Selon le m\u00e9dia Variety, Leah disposerait d\u00e9j\u00e0 du \u00ab\u00a0m\u00eame sens de l\u2019humour sarcastique, de la m\u00eame impulsivit\u00e9 et de la m\u00eame intelligence\u00a0\u00bb que son p\u00e8re. Elle est \u00e9galement d\u00e9crite comme \u00e9tant \u00ab\u00a0beaucoup plus sensible et \u00e9motive\u00a0\u00bb.<\/p>\n<p>De son c\u00f4t\u00e9, Bryan Cranston (Hal) a d\u00e9clar\u00e9 au sujet de la nouvelle saison\u00a0: \u00ab\u00a0On retrouve cette famille qui est sortie des radars il y a d\u00e9j\u00e0 20 ans. Tous les gar\u00e7ons sont devenus adultes, avec leurs propres enfants. Cela cr\u00e9e de nouvelles dynamiques. Et pourtant, est-ce que les choses vont vraiment changer entre Hal et Lois\u00a0? Je n\u2019en suis pas si s\u00fbr\u00a0!\u00a0\u00bb.<\/p>\n<p>Malcolm in the Middle fut diffus\u00e9 <strong>entre 2000 et 2006<\/strong> en France. Pour le moment, <strong>aucune bande-annonce<\/strong> et toujours <strong>aucune fen\u00eatre de sortie<\/strong> pour les quatre prochains \u00e9pisodes. Ce sera sans doute pour la fin d\u2019ann\u00e9e, sur Disney+.<\/p>\n<blockquote>\n<p class=\"text-base text-neutral-700 dark:text-neutral-300\">\ud83d\udfe3 Pour ne manquer aucune news sur le Journal du Geek, abonnez-vous sur <a href=\"https:\/\/news.google.com\/publications\/CAAqBwgKMNr_hAswwYyCAw?hl=fr&amp;gl=FR&amp;ceid=FR%3Afr\" target=\"_blank\" rel=\"noopener\">Google Actualit\u00e9s<\/a> et sur <a href=\"https:\/\/whatsapp.com\/channel\/0029VaClM5y4tRry12tb7D2h\" target=\"_blank\" rel=\"noopener\">notre WhatsApp<\/a>. Et si vous nous adorez, on a <a href=\"https:\/\/www.journaldugeek.com\/newsletter\/\" target=\"_blank\" rel=\"noopener\">une newsletter tous les matins<\/a>.<\/p>\n<\/blockquote>\n","protected":false},"excerpt":{"rendered":"Depuis d\u00e9cembre dernier, c\u2019est officiel. Malcolm in the Middle, la c\u00e9l\u00e8bre s\u00e9rie du d\u00e9but des ann\u00e9es 2000 va&hellip;\n","protected":false},"author":2,"featured_media":176581,"comment_status":"","ping_status":"","sticky":false,"template":"","format":"standard","meta":{"footnotes":""},"categories":[1356],"tags":[58,59,1011,27,30828,252,1364],"class_list":{"0":"post-176580","1":"post","2":"type-post","3":"status-publish","4":"format-standard","5":"has-post-thumbnail","7":"category-television","8":"tag-divertissement","9":"tag-entertainment","10":"tag-fr","11":"tag-france","12":"tag-malcolm","13":"tag-television","14":"tag-tv"},"share_on_mastodon":{"url":"https:\/\/pubeurope.com\/@fr\/114683271217198232","error":""},"_links":{"self":[{"href":"https:\/\/www.europesays.com\/fr\/wp-json\/wp\/v2\/posts\/176580","targetHints":{"allow":["GET"]}}],"collection":[{"href":"https:\/\/www.europesays.com\/fr\/wp-json\/wp\/v2\/posts"}],"about":[{"href":"https:\/\/www.europesays.com\/fr\/wp-json\/wp\/v2\/types\/post"}],"author":[{"embeddable":true,"href":"https:\/\/www.europesays.com\/fr\/wp-json\/wp\/v2\/users\/2"}],"replies":[{"embeddable":true,"href":"https:\/\/www.europesays.com\/fr\/wp-json\/wp\/v2\/comments?post=176580"}],"version-history":[{"count":0,"href":"https:\/\/www.europesays.com\/fr\/wp-json\/wp\/v2\/posts\/176580\/revisions"}],"wp:featuredmedia":[{"embeddable":true,"href":"https:\/\/www.europesays.com\/fr\/wp-json\/wp\/v2\/media\/176581"}],"wp:attachment":[{"href":"https:\/\/www.europesays.com\/fr\/wp-json\/wp\/v2\/media?parent=176580"}],"wp:term":[{"taxonomy":"category","embeddable":true,"href":"https:\/\/www.europesays.com\/fr\/wp-json\/wp\/v2\/categories?post=176580"},{"taxonomy":"post_tag","embeddable":true,"href":"https:\/\/www.europesays.com\/fr\/wp-json\/wp\/v2\/tags?post=176580"}],"curies":[{"name":"wp","href":"https:\/\/api.w.org\/{rel}","templated":true}]}}