{"id":176585,"date":"2025-06-14T19:05:12","date_gmt":"2025-06-14T19:05:12","guid":{"rendered":"https:\/\/www.europesays.com\/fr\/176585\/"},"modified":"2025-06-14T19:05:12","modified_gmt":"2025-06-14T19:05:12","slug":"apnee-du-sommeil-une-pilule-pour-remplacer-le-masque-cpap","status":"publish","type":"post","link":"https:\/\/www.europesays.com\/fr\/176585\/","title":{"rendered":"Apn\u00e9e du sommeil: une pilule pour remplacer le masque CPAP?"},"content":{"rendered":"<p>Publi\u00e914. juin 2025, 16:27<\/p>\n<p>Sant\u00e9: Apn\u00e9e du sommeil: exit le masque, bonjour une simple pilule?<\/p>\n<p>Lors d&rsquo;essais cliniques, un nouveau traitement combinant deux mol\u00e9cules, pris avant le coucher, a d\u00e9montr\u00e9 qu&rsquo;il r\u00e9duit les interruptions nocturnes de la respiration.<\/p>\n<p><a href=\"https:\/\/www.20min.ch\/fr\/auteurs\/68212731\/eva-grau\" class=\"sc-b1f21c84-2 egfiIF\" rel=\"nofollow noopener\" target=\"_blank\"><img decoding=\"async\" alt=\"Eva Grau\" src=\"https:\/\/www.europesays.com\/fr\/wp-content\/uploads\/2025\/06\/bf4065d7-28b8-4959-a648-74e1bfff8744.jpeg\" class=\"sc-b1f21c84-1 iTOvpR\"\/><\/a><img loading=\"lazy\" decoding=\"async\" src=\"https:\/\/www.europesays.com\/fr\/wp-content\/uploads\/2025\/06\/c538b97b-3c80-4827-a12e-17055ad6a226.jpeg\" alt=\"Le port d'un masque \u00e0 pression sur le visage pendant la nuit est efficace contre l'apn\u00e9e du sommeil mais tr\u00e8s contraignant pour les malades.\" title=\"Le port d'un masque \u00e0 pression sur le visage pendant la nuit est efficace contre l'apn\u00e9e du sommeil mais tr\u00e8s contraignant pour les malades.\"  width=\"1200\" height=\"675\"\/><\/p>\n<p>Le port d&rsquo;un masque \u00e0 pression sur le visage pendant la nuit est efficace contre l&rsquo;apn\u00e9e du sommeil mais tr\u00e8s contraignant pour les malades.<\/p>\n<p>IMAGO\/Depositphotos<\/p>\n<p>En Suisse, quelque 120&rsquo;000 personnes, le plus souvent des hommes, souffrent d&rsquo;<a href=\"https:\/\/www.20min.ch\/fr\/story\/suisse-jeunes-et-femmes-de-plus-en-plus-victimes-de-troubles-du-sommeil-103196646\" rel=\"nofollow noopener\" target=\"_blank\">apn\u00e9e du sommeil.<\/a> Cette maladie, qui se manifeste par des interruptions respiratoires nocturnes, implique bien souvent, pour le patient, de devoir porter un masque \u00e0 pression (aussi appel\u00e9 <a href=\"https:\/\/www.20min.ch\/fr\/story\/apnees-du-sommeil-berne-veut-limiter-la-location-des-appareils-respiratoires-103097055\" rel=\"nofollow noopener\" target=\"_blank\">appareil CPAP<\/a>) sur le visage lorsqu&rsquo;il dort, un dispositif efficace mais tr\u00e8s contraignant. Or, il pourrait bient\u00f4t y avoir une alternative bien plus simple: une pilule \u00e0 prendre au moment du coucher.<\/p>\n<p>Des chercheurs am\u00e9ricains ont d\u00e9velopp\u00e9 un m\u00e9dicament oral\u00a0\u2013 nom de code: AD109\u00a0\u2013 combinant deux mol\u00e9cules, l\u2019atomox\u00e9tine (un stimulant utilis\u00e9 contre le trouble d\u00e9ficit de l&rsquo;attention) et l\u2019oxybutynine (un d\u00e9riv\u00e9 d\u2019un m\u00e9dicament contre l\u2019hyperactivit\u00e9 de la vessie) qui tonifie les muscles des voies a\u00e9riennes. Ce faisant, il \u00e9vite que le pharynx ne s&rsquo;effondre et bloque la respiration, provoquant l&rsquo;apn\u00e9e du sommeil.<\/p>\n<p>Contr\u00f4le total de la maladie<\/p>\n<p>Un essai clinique men\u00e9 sur 646 patients durant six mois a d\u00e9montr\u00e9 que les personnes sous AD109 ont vu leur nombre d&rsquo;apn\u00e9es du sommeil baisser de 56% par rapport \u00e0 celles sous placebo. Et 22% des patients trait\u00e9s ont vu leurs arr\u00eats respiratoires se rar\u00e9fier jusqu&rsquo;\u00e0 moins de cinq occurrences par heure\u00a0\u2013 soit un \u00abcontr\u00f4le total de la maladie\u00bb, rapporte la revue <a target=\"_blank\" href=\"https:\/\/www.lesnumeriques.com\/divers-sante\/apnee-du-sommeil-un-nouveau-traitement-oral-sans-masque-reduit-de-56-les-arrets-respiratoires-et-impressionne-les-chercheurs-n237667.html?at_medium=RSS%20feed&amp;at_campaign=ynews&amp;utm_source=yahoo&amp;utm_medium=rss&amp;utm_campaign=news_feed&amp;utm_content=in_article_link\" rel=\"noopener noreferrer nofollow\">\u00abScience\u00bb.<\/a><\/p>\n<p>Reste \u00e0 savoir si le sommeil est aussi r\u00e9parateur sous atomox\u00e9tine que sans, ce d&rsquo;autant que cette mol\u00e9cule est connue pour augmenter le rythme cardiaque et la pression art\u00e9rielle. Un deuxi\u00e8me essai, d&rsquo;une dur\u00e9e d&rsquo;un an, doit s&rsquo;achever cet \u00e9t\u00e9. Les r\u00e9sultats complets des tests seront pr\u00e9sent\u00e9s \u00e0 l&rsquo;automne. Le laboratoire Apnimed, qui d\u00e9veloppe l&rsquo;AD109, pr\u00e9voit de d\u00e9poser une approbation aupr\u00e8s de la FDA, la puissante agence am\u00e9ricaine du m\u00e9dicament, d\u00e9but 2026.<\/p>\n","protected":false},"excerpt":{"rendered":"Publi\u00e914. juin 2025, 16:27 Sant\u00e9: Apn\u00e9e du sommeil: exit le masque, bonjour une simple pilule? Lors d&rsquo;essais cliniques,&hellip;\n","protected":false},"author":2,"featured_media":176586,"comment_status":"","ping_status":"","sticky":false,"template":"","format":"standard","meta":{"footnotes":""},"categories":[10],"tags":[1011,27,72,71],"class_list":{"0":"post-176585","1":"post","2":"type-post","3":"status-publish","4":"format-standard","5":"has-post-thumbnail","7":"category-sante","8":"tag-fr","9":"tag-france","10":"tag-health","11":"tag-sante"},"share_on_mastodon":{"url":"https:\/\/pubeurope.com\/@fr\/114683283185269573","error":""},"_links":{"self":[{"href":"https:\/\/www.europesays.com\/fr\/wp-json\/wp\/v2\/posts\/176585","targetHints":{"allow":["GET"]}}],"collection":[{"href":"https:\/\/www.europesays.com\/fr\/wp-json\/wp\/v2\/posts"}],"about":[{"href":"https:\/\/www.europesays.com\/fr\/wp-json\/wp\/v2\/types\/post"}],"author":[{"embeddable":true,"href":"https:\/\/www.europesays.com\/fr\/wp-json\/wp\/v2\/users\/2"}],"replies":[{"embeddable":true,"href":"https:\/\/www.europesays.com\/fr\/wp-json\/wp\/v2\/comments?post=176585"}],"version-history":[{"count":0,"href":"https:\/\/www.europesays.com\/fr\/wp-json\/wp\/v2\/posts\/176585\/revisions"}],"wp:featuredmedia":[{"embeddable":true,"href":"https:\/\/www.europesays.com\/fr\/wp-json\/wp\/v2\/media\/176586"}],"wp:attachment":[{"href":"https:\/\/www.europesays.com\/fr\/wp-json\/wp\/v2\/media?parent=176585"}],"wp:term":[{"taxonomy":"category","embeddable":true,"href":"https:\/\/www.europesays.com\/fr\/wp-json\/wp\/v2\/categories?post=176585"},{"taxonomy":"post_tag","embeddable":true,"href":"https:\/\/www.europesays.com\/fr\/wp-json\/wp\/v2\/tags?post=176585"}],"curies":[{"name":"wp","href":"https:\/\/api.w.org\/{rel}","templated":true}]}}