{"id":176596,"date":"2025-06-14T19:11:09","date_gmt":"2025-06-14T19:11:09","guid":{"rendered":"https:\/\/www.europesays.com\/fr\/176596\/"},"modified":"2025-06-14T19:11:09","modified_gmt":"2025-06-14T19:11:09","slug":"a-paris-la-mobilisation-pour-la-palestine-tient-bon-liberation","status":"publish","type":"post","link":"https:\/\/www.europesays.com\/fr\/176596\/","title":{"rendered":"\u00e0 Paris, la mobilisation pour la Palestine tient bon \u2013 Lib\u00e9ration"},"content":{"rendered":"<p class=\"sc-ksZaOG ehjQrN text-element\">Ce samedi 14 juin \u00e0 Paris, le temps orageux ne fait pas sourciller la statue de la R\u00e9publique, habill\u00e9e par une dizaine de tags \u00abFree Gaza\u00bb. Il est bient\u00f4t 14 heures quand le cort\u00e8ge de manifestants ayant r\u00e9pondu \u00e0 <a href=\"https:\/\/www.liberation.fr\/international\/reconnaissance-de-letat-de-palestine-cinq-syndicats-appellent-a-la-mobilisation-partout-en-france-samedi-14-juin-20250611_R5CWHIC3LZBMTKTCYPNPVIWD6Y\/\" target=\"_blank\" rel=\"noopener\" title=\"https:\/\/www.liberation.fr\/international\/reconnaissance-de-letat-de-palestine-cinq-syndicats-appellent-a-la-mobilisation-partout-en-france-samedi-14-juin-20250611_R5CWHIC3LZBMTKTCYPNPVIWD6Y\/\">l\u2019appel de cinq syndicats<\/a> (la CFDT, la CGT, l\u2019Unsa, Solidaires et la FSU) se forme autour d\u2019elle. Anna, Elsie et Ella s\u2019y sont retrouv\u00e9es. \u00abJe n\u2019ai pas pu venir de la semaine, alors l\u00e0 c\u2019\u00e9tait l\u2019opportunit\u00e9 de montrer notre soutien\u00bb, explique Elsie, \u00e9tudiante en licence d\u2019histoire de l\u2019art, qui a emmen\u00e9 ses deux amies \u00abse mobiliser pour Gaza\u00bb pour la premi\u00e8re fois. Si elles ont l\u2019habitude de manifester contre l\u2019extr\u00eame droite depuis leur d\u00e9part du lyc\u00e9e il y a un an, cette fois, l\u2019interception du voilier Madleen et l\u2019arrestation de ses passagers par Isra\u00ebl, ainsi que <a href=\"https:\/\/www.liberation.fr\/international\/moyen-orient\/flotille-de-la-liberte-rima-hassan-de-retour-en-france-apres-un-vol-mouvemente-20250612_3CHUFJWWJZBOFMEL7ER63C6WO4\/?redirected=1\" target=\"_blank\" rel=\"noreferrer noopener\" title=\"https:\/\/www.liberation.fr\/intern&lt;\/p&gt;&lt;\/div&gt;&lt;\/article&gt;&lt;\/div&gt;&lt;div data-fusion-lazy-id=\" f0f8vgvlad832fw=\"\"><\/p>\n","protected":false},"excerpt":{"rendered":"Ce samedi 14 juin \u00e0 Paris, le temps orageux ne fait pas sourciller la statue de la R\u00e9publique,&hellip;\n","protected":false},"author":2,"featured_media":176597,"comment_status":"","ping_status":"","sticky":false,"template":"","format":"standard","meta":{"footnotes":""},"categories":[4],"tags":[11,1011,27,3517,3523,12,626,25],"class_list":{"0":"post-176596","1":"post","2":"type-post","3":"status-publish","4":"format-standard","5":"has-post-thumbnail","7":"category-france","8":"tag-actualites","9":"tag-fr","10":"tag-france","11":"tag-gaza-l-escalade","12":"tag-israel-palestine-conflit","13":"tag-news","14":"tag-paris","15":"tag-republique-francaise"},"share_on_mastodon":{"url":"https:\/\/pubeurope.com\/@fr\/114683306542905951","error":""},"_links":{"self":[{"href":"https:\/\/www.europesays.com\/fr\/wp-json\/wp\/v2\/posts\/176596","targetHints":{"allow":["GET"]}}],"collection":[{"href":"https:\/\/www.europesays.com\/fr\/wp-json\/wp\/v2\/posts"}],"about":[{"href":"https:\/\/www.europesays.com\/fr\/wp-json\/wp\/v2\/types\/post"}],"author":[{"embeddable":true,"href":"https:\/\/www.europesays.com\/fr\/wp-json\/wp\/v2\/users\/2"}],"replies":[{"embeddable":true,"href":"https:\/\/www.europesays.com\/fr\/wp-json\/wp\/v2\/comments?post=176596"}],"version-history":[{"count":0,"href":"https:\/\/www.europesays.com\/fr\/wp-json\/wp\/v2\/posts\/176596\/revisions"}],"wp:featuredmedia":[{"embeddable":true,"href":"https:\/\/www.europesays.com\/fr\/wp-json\/wp\/v2\/media\/176597"}],"wp:attachment":[{"href":"https:\/\/www.europesays.com\/fr\/wp-json\/wp\/v2\/media?parent=176596"}],"wp:term":[{"taxonomy":"category","embeddable":true,"href":"https:\/\/www.europesays.com\/fr\/wp-json\/wp\/v2\/categories?post=176596"},{"taxonomy":"post_tag","embeddable":true,"href":"https:\/\/www.europesays.com\/fr\/wp-json\/wp\/v2\/tags?post=176596"}],"curies":[{"name":"wp","href":"https:\/\/api.w.org\/{rel}","templated":true}]}}