{"id":176600,"date":"2025-06-14T19:13:18","date_gmt":"2025-06-14T19:13:18","guid":{"rendered":"https:\/\/www.europesays.com\/fr\/176600\/"},"modified":"2025-06-14T19:13:18","modified_gmt":"2025-06-14T19:13:18","slug":"la-fouillouse-cerveaux-lents-une-association-pour-faire-travailler-la-memoire","status":"publish","type":"post","link":"https:\/\/www.europesays.com\/fr\/176600\/","title":{"rendered":"La Fouillouse. \u00ab\u00a0Cerveaux lents\u00a0\u00bb, une association pour faire travailler la m\u00e9moire"},"content":{"rendered":"<p>Tr\u00e8s vite l\u2019atelier a pris. Il a m\u00eame fait le plein, avec 15 \u00e0 16 personnes \u00e0 chaque s\u00e9ance. \u00ab\u00a0Ce qui \u00e9tait trop pour faire du bon travail, assure Daniel\u00a0Quetin.\u00a0Je l\u2019ai donc scind\u00e9 en deux, en fonction des degr\u00e9s de perte de m\u00e9moire. Aujourd\u2019hui, nous fonctionnons ainsi.\u00a0\u00a0\u00bb<\/p>\n<p>Depuis, la structure s\u2019est impos\u00e9e dans le paysage local. Il fallait donc l\u2019institutionnaliser. Lui donner un vrai statut. \u00ab\u00a0Nous avons donc voulu la transformer en association\u00a0\u00bb, dit Daniel&#8230;<\/p>\n","protected":false},"excerpt":{"rendered":"Tr\u00e8s vite l\u2019atelier a pris. Il a m\u00eame fait le plein, avec 15 \u00e0 16 personnes \u00e0 chaque&hellip;\n","protected":false},"author":2,"featured_media":176601,"comment_status":"","ping_status":"","sticky":false,"template":"","format":"standard","meta":{"footnotes":""},"categories":[9653],"tags":[1111,11,2430,7539,1777,674,1011,27,12296,12,25,4001,9664,104,1631],"class_list":{"0":"post-176600","1":"post","2":"type-post","3":"status-publish","4":"format-standard","5":"has-post-thumbnail","7":"category-saint-etienne","8":"tag-actu","9":"tag-actualites","10":"tag-auvergne-rhone-alpes","11":"tag-edition-loire-sud","12":"tag-eu","13":"tag-europe","14":"tag-fr","15":"tag-france","16":"tag-la-fouillouse","17":"tag-news","18":"tag-republique-francaise","19":"tag-saint-etienne","20":"tag-saint-etienne-bassin","21":"tag-societe","22":"tag-vie-associative"},"share_on_mastodon":{"url":"https:\/\/pubeurope.com\/@fr\/114683314405017211","error":""},"_links":{"self":[{"href":"https:\/\/www.europesays.com\/fr\/wp-json\/wp\/v2\/posts\/176600","targetHints":{"allow":["GET"]}}],"collection":[{"href":"https:\/\/www.europesays.com\/fr\/wp-json\/wp\/v2\/posts"}],"about":[{"href":"https:\/\/www.europesays.com\/fr\/wp-json\/wp\/v2\/types\/post"}],"author":[{"embeddable":true,"href":"https:\/\/www.europesays.com\/fr\/wp-json\/wp\/v2\/users\/2"}],"replies":[{"embeddable":true,"href":"https:\/\/www.europesays.com\/fr\/wp-json\/wp\/v2\/comments?post=176600"}],"version-history":[{"count":0,"href":"https:\/\/www.europesays.com\/fr\/wp-json\/wp\/v2\/posts\/176600\/revisions"}],"wp:featuredmedia":[{"embeddable":true,"href":"https:\/\/www.europesays.com\/fr\/wp-json\/wp\/v2\/media\/176601"}],"wp:attachment":[{"href":"https:\/\/www.europesays.com\/fr\/wp-json\/wp\/v2\/media?parent=176600"}],"wp:term":[{"taxonomy":"category","embeddable":true,"href":"https:\/\/www.europesays.com\/fr\/wp-json\/wp\/v2\/categories?post=176600"},{"taxonomy":"post_tag","embeddable":true,"href":"https:\/\/www.europesays.com\/fr\/wp-json\/wp\/v2\/tags?post=176600"}],"curies":[{"name":"wp","href":"https:\/\/api.w.org\/{rel}","templated":true}]}}