{"id":176604,"date":"2025-06-14T19:15:25","date_gmt":"2025-06-14T19:15:25","guid":{"rendered":"https:\/\/www.europesays.com\/fr\/176604\/"},"modified":"2025-06-14T19:15:25","modified_gmt":"2025-06-14T19:15:25","slug":"concert-de-violoncelles-ca-piques-au-jardin-2","status":"publish","type":"post","link":"https:\/\/www.europesays.com\/fr\/176604\/","title":{"rendered":"Concert de violoncelles \u00c7a pique(s) au jardin\u00a0!"},"content":{"rendered":"<p>Le Jardin botanique accueille les classes de violoncelles du conservatoire r\u00e9gional du Grand Nancy qui pr\u00e9senteront un programme vari\u00e9 et de diff\u00e9rentes \u00e9poques.<\/p>\n<p>Sous la coordination de L\u00e9opoldine Lez\u00e9an, Antoine Martynciow et Pierre Fourcade, les \u00e9l\u00e8ves interpr\u00e9teront des \u0153uvres de Johann Sebastian Bach, Giovanni Gabrielli, Jacques Offenbach, Georg Goltermann, Gioacchino Rossini, Jean Sibelius\u2026<\/p>\n<p class=\"note\">Mercredi 18\u00a0juin, \u00e0 14\u00a0h, au jardin botanique Jean-Marie-Pelt, 100, rue du Jardin-Botanique, \u00e0 Villers-l\u00e8s-Nancy. Entr\u00e9e libre.<\/p>\n","protected":false},"excerpt":{"rendered":"Le Jardin botanique accueille les classes de violoncelles du conservatoire r\u00e9gional du Grand Nancy qui pr\u00e9senteront un programme&hellip;\n","protected":false},"author":2,"featured_media":176605,"comment_status":"","ping_status":"","sticky":false,"template":"","format":"standard","meta":{"footnotes":""},"categories":[9635],"tags":[1111,11,1687,1704,1777,674,1011,27,775,10262,873,1702,12,25,10261],"class_list":{"0":"post-176604","1":"post","2":"type-post","3":"status-publish","4":"format-standard","5":"has-post-thumbnail","7":"category-nancy","8":"tag-actu","9":"tag-actualites","10":"tag-culture-loisirs","11":"tag-edition-nancy-et-agglomeration","12":"tag-eu","13":"tag-europe","14":"tag-fr","15":"tag-france","16":"tag-grand-est","17":"tag-metropole-du-grand-nancy-54b5","18":"tag-musique","19":"tag-nancy","20":"tag-news","21":"tag-republique-francaise","22":"tag-villers-les-nancy"},"share_on_mastodon":{"url":"https:\/\/pubeurope.com\/@fr\/114683322245178424","error":""},"_links":{"self":[{"href":"https:\/\/www.europesays.com\/fr\/wp-json\/wp\/v2\/posts\/176604","targetHints":{"allow":["GET"]}}],"collection":[{"href":"https:\/\/www.europesays.com\/fr\/wp-json\/wp\/v2\/posts"}],"about":[{"href":"https:\/\/www.europesays.com\/fr\/wp-json\/wp\/v2\/types\/post"}],"author":[{"embeddable":true,"href":"https:\/\/www.europesays.com\/fr\/wp-json\/wp\/v2\/users\/2"}],"replies":[{"embeddable":true,"href":"https:\/\/www.europesays.com\/fr\/wp-json\/wp\/v2\/comments?post=176604"}],"version-history":[{"count":0,"href":"https:\/\/www.europesays.com\/fr\/wp-json\/wp\/v2\/posts\/176604\/revisions"}],"wp:featuredmedia":[{"embeddable":true,"href":"https:\/\/www.europesays.com\/fr\/wp-json\/wp\/v2\/media\/176605"}],"wp:attachment":[{"href":"https:\/\/www.europesays.com\/fr\/wp-json\/wp\/v2\/media?parent=176604"}],"wp:term":[{"taxonomy":"category","embeddable":true,"href":"https:\/\/www.europesays.com\/fr\/wp-json\/wp\/v2\/categories?post=176604"},{"taxonomy":"post_tag","embeddable":true,"href":"https:\/\/www.europesays.com\/fr\/wp-json\/wp\/v2\/tags?post=176604"}],"curies":[{"name":"wp","href":"https:\/\/api.w.org\/{rel}","templated":true}]}}