{"id":176606,"date":"2025-06-14T19:16:15","date_gmt":"2025-06-14T19:16:15","guid":{"rendered":"https:\/\/www.europesays.com\/fr\/176606\/"},"modified":"2025-06-14T19:16:15","modified_gmt":"2025-06-14T19:16:15","slug":"photos-du-soleil-plein-les-yeux-a-la-foire-expo-de-nancy","status":"publish","type":"post","link":"https:\/\/www.europesays.com\/fr\/176606\/","title":{"rendered":"Photos. Du soleil plein les yeux \u00e0 la foire expo de Nancy"},"content":{"rendered":"<p>Ce samedi 14 juin ensoleill\u00e9, veille du dernier jour de la foire expo de Nancy,\u00a0a fait briller nos yeux autant que nos coeurs. La\u00ebtita Milot\u00a0avec\u00a0son sourire solaire, \u00e9tait pr\u00e9sente pour une s\u00e9ance de d\u00e9dicaces.\u00a0Le\u00a0village des sports vibrait d&rsquo;activit\u00e9s et, entre une glace pour se rafraichir et un geste solidaire pour r\u00e9chauffer les coeurs, la journ\u00e9e a \u00e9t\u00e9 un v\u00e9ritable rayon de bonheur.\u00a0<\/p>\n","protected":false},"excerpt":{"rendered":"Ce samedi 14 juin ensoleill\u00e9, veille du dernier jour de la foire expo de Nancy,\u00a0a fait briller nos&hellip;\n","protected":false},"author":2,"featured_media":176607,"comment_status":"","ping_status":"","sticky":false,"template":"","format":"standard","meta":{"footnotes":""},"categories":[9635],"tags":[1111,11,4406,1704,1777,674,107,1685,1011,27,2798,775,2410,1702,12,25,71,104,5711],"class_list":{"0":"post-176606","1":"post","2":"type-post","3":"status-publish","4":"format-standard","5":"has-post-thumbnail","7":"category-nancy","8":"tag-actu","9":"tag-actualites","10":"tag-commerce-et-services","11":"tag-edition-nancy-et-agglomeration","12":"tag-eu","13":"tag-europe","14":"tag-fil-info","15":"tag-foire-et-salon","16":"tag-fr","17":"tag-france","18":"tag-galerie-photo","19":"tag-grand-est","20":"tag-livres-bd","21":"tag-nancy","22":"tag-news","23":"tag-republique-francaise","24":"tag-sante","25":"tag-societe","26":"tag-vandoeuvre-les-nancy"},"share_on_mastodon":{"url":"https:\/\/pubeurope.com\/@fr\/114683326182623083","error":""},"_links":{"self":[{"href":"https:\/\/www.europesays.com\/fr\/wp-json\/wp\/v2\/posts\/176606","targetHints":{"allow":["GET"]}}],"collection":[{"href":"https:\/\/www.europesays.com\/fr\/wp-json\/wp\/v2\/posts"}],"about":[{"href":"https:\/\/www.europesays.com\/fr\/wp-json\/wp\/v2\/types\/post"}],"author":[{"embeddable":true,"href":"https:\/\/www.europesays.com\/fr\/wp-json\/wp\/v2\/users\/2"}],"replies":[{"embeddable":true,"href":"https:\/\/www.europesays.com\/fr\/wp-json\/wp\/v2\/comments?post=176606"}],"version-history":[{"count":0,"href":"https:\/\/www.europesays.com\/fr\/wp-json\/wp\/v2\/posts\/176606\/revisions"}],"wp:featuredmedia":[{"embeddable":true,"href":"https:\/\/www.europesays.com\/fr\/wp-json\/wp\/v2\/media\/176607"}],"wp:attachment":[{"href":"https:\/\/www.europesays.com\/fr\/wp-json\/wp\/v2\/media?parent=176606"}],"wp:term":[{"taxonomy":"category","embeddable":true,"href":"https:\/\/www.europesays.com\/fr\/wp-json\/wp\/v2\/categories?post=176606"},{"taxonomy":"post_tag","embeddable":true,"href":"https:\/\/www.europesays.com\/fr\/wp-json\/wp\/v2\/tags?post=176606"}],"curies":[{"name":"wp","href":"https:\/\/api.w.org\/{rel}","templated":true}]}}