{"id":176608,"date":"2025-06-14T19:17:09","date_gmt":"2025-06-14T19:17:09","guid":{"rendered":"https:\/\/www.europesays.com\/fr\/176608\/"},"modified":"2025-06-14T19:17:09","modified_gmt":"2025-06-14T19:17:09","slug":"a-saint-mandrier-le-festival-polynesien-matavaa-nui-vaa-se-poursuit-jusqua-dimanche-soir","status":"publish","type":"post","link":"https:\/\/www.europesays.com\/fr\/176608\/","title":{"rendered":"A Saint-Mandrier, le festival polyn\u00e9sien Matavaa nui va\u2019a se poursuit jusqu\u2019\u00e0 dimanche soir"},"content":{"rendered":"<p>Chaleurs tropicales, ukul\u00e9l\u00e9 et ori tahiti, ajoutez-y les effluves de coco et de poissons crus, et \u00e7a y est, vous y \u00eates! Comme dans les \u00eeles, la pin\u00e8de Sainte-Asile du Pin Rolland, depuis trois jours, vibre aux rythmes de la communaut\u00e9 polyn\u00e9sienne locale. La pirogue tahitienne en \u00e9tendard avec, samedi, une bonne vingtaine de rotations initiatiques \u00e0 bord des Va\u2019a, du club de La M\u00e9duse. Immersion totale pour le public, ravi de vivre une telle exp\u00e9rience.<\/p>\n<p><strong>Les acc\u00e8s au village tahitien et les parkings sont gratuits<\/strong><\/p>\n<p>St\u00e9phane, V\u00e9ronique, Laurent, et Samantha, vacanciers de l\u2019Ain, pagaies en main, prennent la mer, guid\u00e9s par \u00ab\u00a0Sorcier\u00a0\u00bb qui bat la cadence. Un peu plus loin \u00e0 l\u2019abri des grands pins, c\u2019est une d\u00e9monstration culinaire qui attire les fins gourmets. Atelier poisson cru au coco ou salade tahitienne, \u00e9labor\u00e9s avec thon, carottes, tomates, oignons, concombre, citron et lait de coco, \u00e0 d\u00e9guster bien frais et sans mod\u00e9ration. Ce qui n\u2019\u00e9tait pas sans d\u00e9plaire \u00e0 Julien et Eva, venus en voisins des Sablettes, pour assister au grand spectacle de la soir\u00e9e.<\/p>\n<p>Aujourd\u2019hui, dimanche, les festivit\u00e9s se poursuivent, d\u00e8s 8h30 avec un petit-d\u00e9jeuner des \u00eeles, avant l\u2019ouverture du village \u00e0 10h. Puis quelques animations musicales et de danses, avant le repas tahitien sur r\u00e9servation. 14h, concours de force, avec les porteurs de pierre, une animation gratuite pour enfants d\u00e8s 12 ans et adultes. 15h, animation spectacle avec les musiciens et les danseuses tahitiennes. Fermeture de la 4e \u00e9dition du Matavaa nui va\u2019a \u00e0 18h. Les acc\u00e8s au village tahitien et les parkings sont gratuits.<\/p>\n","protected":false},"excerpt":{"rendered":"Chaleurs tropicales, ukul\u00e9l\u00e9 et ori tahiti, ajoutez-y les effluves de coco et de poissons crus, et \u00e7a y&hellip;\n","protected":false},"author":2,"featured_media":176609,"comment_status":"","ping_status":"","sticky":false,"template":"","format":"standard","meta":{"footnotes":""},"categories":[9619],"tags":[1111,11,1777,674,1011,27,12,882,25,2310,3366],"class_list":{"0":"post-176608","1":"post","2":"type-post","3":"status-publish","4":"format-standard","5":"has-post-thumbnail","7":"category-toulon","8":"tag-actu","9":"tag-actualites","10":"tag-eu","11":"tag-europe","12":"tag-fr","13":"tag-france","14":"tag-news","15":"tag-provence-alpes-cote-dazur","16":"tag-republique-francaise","17":"tag-toulon","18":"tag-vie-locale"},"share_on_mastodon":{"url":"https:\/\/pubeurope.com\/@fr\/114683330187191870","error":""},"_links":{"self":[{"href":"https:\/\/www.europesays.com\/fr\/wp-json\/wp\/v2\/posts\/176608","targetHints":{"allow":["GET"]}}],"collection":[{"href":"https:\/\/www.europesays.com\/fr\/wp-json\/wp\/v2\/posts"}],"about":[{"href":"https:\/\/www.europesays.com\/fr\/wp-json\/wp\/v2\/types\/post"}],"author":[{"embeddable":true,"href":"https:\/\/www.europesays.com\/fr\/wp-json\/wp\/v2\/users\/2"}],"replies":[{"embeddable":true,"href":"https:\/\/www.europesays.com\/fr\/wp-json\/wp\/v2\/comments?post=176608"}],"version-history":[{"count":0,"href":"https:\/\/www.europesays.com\/fr\/wp-json\/wp\/v2\/posts\/176608\/revisions"}],"wp:featuredmedia":[{"embeddable":true,"href":"https:\/\/www.europesays.com\/fr\/wp-json\/wp\/v2\/media\/176609"}],"wp:attachment":[{"href":"https:\/\/www.europesays.com\/fr\/wp-json\/wp\/v2\/media?parent=176608"}],"wp:term":[{"taxonomy":"category","embeddable":true,"href":"https:\/\/www.europesays.com\/fr\/wp-json\/wp\/v2\/categories?post=176608"},{"taxonomy":"post_tag","embeddable":true,"href":"https:\/\/www.europesays.com\/fr\/wp-json\/wp\/v2\/tags?post=176608"}],"curies":[{"name":"wp","href":"https:\/\/api.w.org\/{rel}","templated":true}]}}