{"id":176612,"date":"2025-06-14T19:19:10","date_gmt":"2025-06-14T19:19:10","guid":{"rendered":"https:\/\/www.europesays.com\/fr\/176612\/"},"modified":"2025-06-14T19:19:10","modified_gmt":"2025-06-14T19:19:10","slug":"partez-a-la-mer-a-velo-depuis-villeneuve-les-maguelone","status":"publish","type":"post","link":"https:\/\/www.europesays.com\/fr\/176612\/","title":{"rendered":"partez \u00e0 la mer \u00e0 v\u00e9lo depuis Villeneuve-l\u00e8s-Maguelone"},"content":{"rendered":"<p>            Par<br \/>\n        <strong><br \/>\n            <a href=\"https:\/\/actu.fr\/auteur\/metropoop\" title=\"Consulter tous les articles de R\u00e9daction M\u00e9tropolitain\" target=\"_blank\" rel=\"noopener\">R\u00e9daction M\u00e9tropolitain<\/a><br \/>\n        <\/strong><\/p>\n<p>        Publi\u00e9 le<\/p>\n<p>            14 juin 2025 \u00e0 20h44        <\/p>\n<p>Le service V\u00e9loplage <a href=\"https:\/\/actu.fr\/occitanie\/montpellier_34172\/montpellier-profitez-des-plages-de-villeneuve-les-maguelone-avec-veloplage_61127138.html\" target=\"_blank\" rel=\"noopener\">revient chaque \u00e9t\u00e9<\/a> \u00e0 <strong>Villeneuve-l\u00e8s-Maguelone<\/strong>. Propos\u00e9 par Montpellier M\u00e9diterran\u00e9e M\u00e9tropole et TaM, il permet de se rendre \u00e0 la plage \u00e0 v\u00e9lo sans passer par la case voiture. L\u2019objectif reste le m\u00eame : encourager les d\u00e9placements doux et limiter l\u2019engorgement automobile sur le littoral. Le point de d\u00e9part se situe \u00e0 l\u2019impasse des Sycomores, \u00e0 proximit\u00e9 de l\u2019arr\u00eat Pilou de la ligne 32. Sur place, les usagers trouvent un accueil d\u00e9di\u00e9 et des v\u00e9los disponibles \u00e0 la location.<\/p>\n<p>    <a href=\"https:\/\/www.google.com\/maps\/embed?pb=!1m18!1m12!1m3!1d2892.6195434527694!2d3.8626996764561703!3d43.53112587110821!2m3!1f0!2f0!3f0!3m2!1i1024!2i768!4f13.1!3m3!1m2!1s0x12b6b103d9893661%3A0x1509654d0c29bfa5!2sV%C3%A9loplage%20TaM!5e0!3m2!1sfr!2sfr!4v1749826638103!5m2!1sfr!2sfr\" title=\"Ouvrie le lien\" target=\"_blank\" rel=\"noopener\">Cliquez ici pour visualiser le contenu<\/a><\/p>\n<p>Des horaires adapt\u00e9s au rythme de l\u2019\u00e9t\u00e9<\/p>\n<p class=\" wall-content\">Le service V\u00e9loplage est accessible chaque week-end et jour f\u00e9ri\u00e9, <strong>de 9h \u00e0 19h<\/strong>. Ensuite, du 1er juillet au 31 ao\u00fbt inclus, le service fonctionne tous les jours sur ces m\u00eames horaires. \u00a0L\u2019acc\u00e8s est libre, sans r\u00e9servation obligatoire. Des remorques sont propos\u00e9es pour les tout-petits de moins de deux ans, au tarif de<strong> 5 euros la journ\u00e9e<\/strong>. Des si\u00e8ges b\u00e9b\u00e9 et des v\u00e9los adapt\u00e9s aux enfants sont mis gratuitement \u00e0 disposition. La location s\u2019effectue sur pr\u00e9sentation d\u2019une pi\u00e8ce d\u2019identit\u00e9. Un contrat simple est sign\u00e9 sur place. Pour garantir la s\u00e9curit\u00e9 de tous, le port du casque et d\u2019une chasuble r\u00e9fl\u00e9chissante est fortement recommand\u00e9.<\/p>\n<p class=\" wall-content\"><a href=\"https:\/\/www.instagram.com\/p\/DKe0mvlKg1t\/embed\" title=\"Ouvrir le lien sur Instagram\" target=\"_blank\" rel=\"noopener\">Visualiser le contenu sur Instagram<\/a><\/p>\n<p class=\" wall-content\">Les habitants de la m\u00e9tropole d\u00e9tenteurs d\u2019un Pass Gratuit\u00e9 TaM paient 5 euros par jour et par v\u00e9lo. Pour les autres usagers, le tarif s\u2019\u00e9l\u00e8ve \u00e0 <strong>10 euros<\/strong>. Le r\u00e8glement s\u2019effectue sur place, via des distributeurs automatiques.<\/p>\n<p><strong>&gt;<\/strong> Toutes les informations pratiques sont \u00e0 retrouver <a href=\"https:\/\/www.tam-voyages.com\/presentation\/?rub_code=1&amp;thm_id=34&amp;gpl_id=&amp;part_id=\" target=\"_blank\" rel=\"noopener\">sur le site de TaM<\/a>Vid\u00e9os : en ce moment sur Actu<\/p>\n<p class=\" wall-content\">Suivez toute l\u2019actualit\u00e9 de vos villes et m\u00e9dias favoris en vous inscrivant \u00e0 <a href=\"https:\/\/moncompte.actu.fr\" title=\"D\u00e9couvez Mon Actu\" rel=\"nofollow noopener\" data-trk=\"{&quot;cta&quot;:{&quot;action&quot;:&quot;https:\\\/\\\/moncompte.actu.fr&quot;,&quot;category&quot;:&quot;mon compte&quot;,&quot;from&quot;:&quot;article footer&quot;,&quot;name&quot;:&quot;Mon actu&quot;,&quot;type&quot;:&quot;cta&quot;}}\" target=\"_blank\">Mon Actu<\/a>.<\/p>\n<p>                    <script async src=\"\/\/www.instagram.com\/embed.js\"><\/script><\/p>\n","protected":false},"excerpt":{"rendered":"Par R\u00e9daction M\u00e9tropolitain Publi\u00e9 le 14 juin 2025 \u00e0 20h44 Le service V\u00e9loplage revient chaque \u00e9t\u00e9 \u00e0 Villeneuve-l\u00e8s-Maguelone.&hellip;\n","protected":false},"author":2,"featured_media":176613,"comment_status":"","ping_status":"","sticky":false,"template":"","format":"standard","meta":{"footnotes":""},"categories":[9599],"tags":[1111,11,1777,674,1011,27,1305,2208,12,2680,8302,25,2803,208],"class_list":{"0":"post-176612","1":"post","2":"type-post","3":"status-publish","4":"format-standard","5":"has-post-thumbnail","7":"category-montpellier","8":"tag-actu","9":"tag-actualites","10":"tag-eu","11":"tag-europe","12":"tag-fr","13":"tag-france","14":"tag-lifestyle","15":"tag-montpellier","16":"tag-news","17":"tag-occitanie","18":"tag-plages","19":"tag-republique-francaise","20":"tag-transport","21":"tag-velo"},"share_on_mastodon":{"url":"https:\/\/pubeurope.com\/@fr\/114683338126825166","error":""},"_links":{"self":[{"href":"https:\/\/www.europesays.com\/fr\/wp-json\/wp\/v2\/posts\/176612","targetHints":{"allow":["GET"]}}],"collection":[{"href":"https:\/\/www.europesays.com\/fr\/wp-json\/wp\/v2\/posts"}],"about":[{"href":"https:\/\/www.europesays.com\/fr\/wp-json\/wp\/v2\/types\/post"}],"author":[{"embeddable":true,"href":"https:\/\/www.europesays.com\/fr\/wp-json\/wp\/v2\/users\/2"}],"replies":[{"embeddable":true,"href":"https:\/\/www.europesays.com\/fr\/wp-json\/wp\/v2\/comments?post=176612"}],"version-history":[{"count":0,"href":"https:\/\/www.europesays.com\/fr\/wp-json\/wp\/v2\/posts\/176612\/revisions"}],"wp:featuredmedia":[{"embeddable":true,"href":"https:\/\/www.europesays.com\/fr\/wp-json\/wp\/v2\/media\/176613"}],"wp:attachment":[{"href":"https:\/\/www.europesays.com\/fr\/wp-json\/wp\/v2\/media?parent=176612"}],"wp:term":[{"taxonomy":"category","embeddable":true,"href":"https:\/\/www.europesays.com\/fr\/wp-json\/wp\/v2\/categories?post=176612"},{"taxonomy":"post_tag","embeddable":true,"href":"https:\/\/www.europesays.com\/fr\/wp-json\/wp\/v2\/tags?post=176612"}],"curies":[{"name":"wp","href":"https:\/\/api.w.org\/{rel}","templated":true}]}}