{"id":176616,"date":"2025-06-14T19:24:29","date_gmt":"2025-06-14T19:24:29","guid":{"rendered":"https:\/\/www.europesays.com\/fr\/176616\/"},"modified":"2025-06-14T19:24:29","modified_gmt":"2025-06-14T19:24:29","slug":"montbonnot-saint-martin-une-agence-camif-habitat-inauguree-dans-le-bourg","status":"publish","type":"post","link":"https:\/\/www.europesays.com\/fr\/176616\/","title":{"rendered":"Montbonnot-Saint-Martin. Une agence Camif habitat inaugur\u00e9e dans le bourg"},"content":{"rendered":"<p>L\u2019inauguration de la nouvelle agence Camif habitat s\u2019est d\u00e9roul\u00e9e jeudi, place Michel-Geindre en pr\u00e9sence du maire de Montbonnot-Saint-Martin, Dominique Bonnet. Ce nom rappelle bien \u00e9videmment le catalogue de vente par correspondance r\u00e9serv\u00e9 aux fonctionnaires. L\u2019offre a \u00e9t\u00e9 il y a bien longtemps \u00e9tendue, proposant des solutions pour l\u2019habitat. \u00ab\u00a0D\u00e9j\u00e0 implant\u00e9s sur Voreppe, nous sommes en capacit\u00e9 de r\u00e9aliser tout projet sur Grenoble et les environs\u00a0\u00bb, explique Pierre Albanet, g\u00e9rant de l\u2019agence bonimontaine. Six personnes forment l\u2019\u00e9quipe.<\/p>\n<p>Ce contenu est bloqu\u00e9 car vous n&rsquo;avez pas accept\u00e9 les cookies et autres traceurs.<\/p>\n<p>En cliquant sur \u00ab J\u2019accepte \u00bb, les cookies et autres traceurs seront d\u00e9pos\u00e9s et vous pourrez visualiser les contenus  (<a href=\"\" class=\"consentModule_policy\" target=\"_blank\" title=\"Consulter la politique de protection des donn\u00e9es du fournisseur\">plus d&rsquo;informations<\/a>).<\/p>\n<p>En cliquant sur \u00ab J\u2019accepte tous les cookies \u00bb, vous autorisez des d\u00e9p\u00f4ts de cookies et autres traceurs pour le stockage de vos donn\u00e9es sur nos sites et applications \u00e0 des fins de personnalisation et de ciblage publicitaire.<\/p>\n<p class=\"consentModule_secondaryText\">Vous gardez la possibilit\u00e9 de retirer votre consentement \u00e0 tout moment en consultant notre <a href=\"https:\/\/www.ledauphine.com\/protection-des-donnees\" target=\"_blank\" title=\"Consulter notre politique de protection des donn\u00e9es\" rel=\"noopener\">politique de protection des donn\u00e9es<\/a>. <br \/>&#13;<br \/>\n            <a href=\"https:\/\/www.ledauphine.com\/economie\/2025\/06\/14\/javascript:Didomi.notice.show()\" class=\"consentModule_cmp\" target=\"_blank\" rel=\"noopener\">G\u00e9rer mes choix<\/a>&#13;\n        <\/p>\n<p>&#13;<br \/>\n                        J&rsquo;accepte&#13;<br \/>\n            J&rsquo;accepte tous les cookies&#13;\n        <\/p>\n","protected":false},"excerpt":{"rendered":"L\u2019inauguration de la nouvelle agence Camif habitat s\u2019est d\u00e9roul\u00e9e jeudi, place Michel-Geindre en pr\u00e9sence du maire de Montbonnot-Saint-Martin,&hellip;\n","protected":false},"author":2,"featured_media":176617,"comment_status":"","ping_status":"","sticky":false,"template":"","format":"standard","meta":{"footnotes":""},"categories":[9566],"tags":[1111,11,2430,4406,33,113,1777,674,1011,27,2731,1908,26950,28171,12,25,104],"class_list":{"0":"post-176616","1":"post","2":"type-post","3":"status-publish","4":"format-standard","5":"has-post-thumbnail","7":"category-grenoble","8":"tag-actu","9":"tag-actualites","10":"tag-auvergne-rhone-alpes","11":"tag-commerce-et-services","12":"tag-economie","13":"tag-edition-gresivaudan-oisans","14":"tag-eu","15":"tag-europe","16":"tag-fr","17":"tag-france","18":"tag-grenoble","19":"tag-logement","20":"tag-montbonnot-saint-martin","21":"tag-montbonnot-saint-martin-et-autour","22":"tag-news","23":"tag-republique-francaise","24":"tag-societe"},"share_on_mastodon":{"url":"https:\/\/pubeurope.com\/@fr\/114683357645907052","error":""},"_links":{"self":[{"href":"https:\/\/www.europesays.com\/fr\/wp-json\/wp\/v2\/posts\/176616","targetHints":{"allow":["GET"]}}],"collection":[{"href":"https:\/\/www.europesays.com\/fr\/wp-json\/wp\/v2\/posts"}],"about":[{"href":"https:\/\/www.europesays.com\/fr\/wp-json\/wp\/v2\/types\/post"}],"author":[{"embeddable":true,"href":"https:\/\/www.europesays.com\/fr\/wp-json\/wp\/v2\/users\/2"}],"replies":[{"embeddable":true,"href":"https:\/\/www.europesays.com\/fr\/wp-json\/wp\/v2\/comments?post=176616"}],"version-history":[{"count":0,"href":"https:\/\/www.europesays.com\/fr\/wp-json\/wp\/v2\/posts\/176616\/revisions"}],"wp:featuredmedia":[{"embeddable":true,"href":"https:\/\/www.europesays.com\/fr\/wp-json\/wp\/v2\/media\/176617"}],"wp:attachment":[{"href":"https:\/\/www.europesays.com\/fr\/wp-json\/wp\/v2\/media?parent=176616"}],"wp:term":[{"taxonomy":"category","embeddable":true,"href":"https:\/\/www.europesays.com\/fr\/wp-json\/wp\/v2\/categories?post=176616"},{"taxonomy":"post_tag","embeddable":true,"href":"https:\/\/www.europesays.com\/fr\/wp-json\/wp\/v2\/tags?post=176616"}],"curies":[{"name":"wp","href":"https:\/\/api.w.org\/{rel}","templated":true}]}}