{"id":176618,"date":"2025-06-14T19:25:16","date_gmt":"2025-06-14T19:25:16","guid":{"rendered":"https:\/\/www.europesays.com\/fr\/176618\/"},"modified":"2025-06-14T19:25:16","modified_gmt":"2025-06-14T19:25:16","slug":"allan-na-pas-tremble-la-solide-entree-de-velarte-grenoble-maudit-les-tops-et-flops","status":"publish","type":"post","link":"https:\/\/www.europesays.com\/fr\/176618\/","title":{"rendered":"Allan n\u2019a pas trembl\u00e9, la solide entr\u00e9e de Velarte, Grenoble maudit&#8230; Les tops et flops"},"content":{"rendered":"<p>Ce samedi \u00e0 l\u2019occasion du match d\u2019accession, Perpignan est venu \u00e0 bout de Grenoble (11-13) et \u00e9voluera en Top 14 la saison prochaine. Ce qui a plu et d\u00e9plu \u00e0 notre r\u00e9daction.<\/p>\n<p class=\"fig-paragraph\">TOPS<\/p>\n<p>Tommaso Allan n\u2019a pas trembl\u00e9<\/p>\n<p class=\"fig-paragraph\">Dans un match aussi tendu et irrespirable que celui-ci, il fallait un buteur fiable. Certes, Tommaso Allan a bien laiss\u00e9 filer quelques points de c\u00f4t\u00e9 au cours des 80 minutes de ce match haletant, mais dans les derni\u00e8res minutes, lorsque la pression \u00e9tait \u00e0 son maximum, l\u2019international italien a pris ses responsabilit\u00e9s, n\u2019a pas trembl\u00e9 et a pass\u00e9 deux coups de pied de patron (65e et 78e, \u00e0 40 m\u00e8tres des perches) pour offrir\u00a0<a href=\"http:\/\/www.lefigaro.fr\/sports\/rugby\/top-14\/rugby-au-bout-du-suspense-perpignan-s-impose-a-grenoble-et-sauve-sa-place-en-top-14-20250614\" data-fig-type=\"NewsFlash\" data-gtm-custom-categorie=\"navigation\" data-gtm-custom-action=\"crossclick\" data-gtm-custom-label=\"Contextuel\" data-gtm-event=\"customEventSPE\" data-fig-domain=\"LEFIGARO\" target=\"_blank\" rel=\"noopener\">une victoire \u00f4 combien cruciale \u00e0 Perpignan contre Grenoble (13-11)<\/a>\u00a0ce samedi, au Stade des Alpes, en barrage d\u2019accession. Repositionn\u00e9 au poste de demi d\u2019ouverture, le joueur de 32 ans a \u00e9galement r\u00e9alis\u00e9 une prestation honorable dans le jeu, bien aid\u00e9 par un James Hall dynamique \u00e0 la m\u00eal\u00e9e. Gr\u00e2ce \u00e0 la botte de son ouvreur, Perpignan a \u00e9vit\u00e9 une fin de saison cauchemardesque et \u00e9voluera bien au sein de l\u2019\u00e9lite la saison prochaine.<\/p>\n<p>L\u2019entr\u00e9e solide de Lucas Velarte<\/p>\n<p class=\"fig-paragraph\">Lui n\u2019a que 26 ans mais d\u00e9j\u00e0 une attitude de vieux briscard. Lucas Velarte, auteur d\u2019une saison exceptionnelle, a amplement particip\u00e9 au succ\u00e8s des siens ce samedi apr\u00e8s-midi. Positionn\u00e9 sur le banc par Franck Az\u00e9ma au coup d\u2019envoi, le Tricolore a fait son entr\u00e9e en jeu \u00e0 la 43e minute, moment \u00e0 partir duquel l\u2019USAP s\u2019est r\u00e9veill\u00e9e et a accul\u00e9 le FCG dans son camp. Auteur d\u2019une importante activit\u00e9, le troisi\u00e8me-ligne catalan n\u2019a \u00e9galement perdu que tr\u00e8s peu de ballons et a ferraill\u00e9 en d\u00e9fense. Lors de la pause fra\u00eecheur du second acte, c\u2019est lui qui a pris la parole devant ses co\u00e9quipiers pour remobiliser ses troupes avec un discours de meneur.<\/p>\n<p class=\"fig-body-link\">\n            \u00c0 lire aussi<br \/>\n        <a class=\"fig-body-link__link\" href=\"http:\/\/www.lefigaro.fr\/sports\/rugby\/top-14\/rugby-au-bout-du-suspense-perpignan-s-impose-a-grenoble-et-sauve-sa-place-en-top-14-20250614\" data-fig-type=\"NewsFlash\" data-gtm-custom-categorie=\"navigation\" data-gtm-custom-action=\"crossclick\" data-gtm-custom-label=\"Contextuel\" data-gtm-event=\"customEventSPE\" data-fig-domain=\"LEFIGARO\" target=\"_blank\" rel=\"noopener\">Rugby\u00a0: au bout du suspense, Perpignan s\u2019impose \u00e0 Grenoble et sauve sa place en Top 14<br \/>\n    <\/a>\n<\/p>\n<p>Wilfried Hulleu n\u2019aura pas suffi<\/p>\n<p class=\"fig-paragraph\">Si les Grenoblois restent au deuxi\u00e8me \u00e9chelon national, Wilfired Hulleu peut nourrir d\u2019immenses regrets. L\u2019ailier is\u00e9rois a r\u00e9alis\u00e9 une performance pleine au Stade des Alpes. Aussi percutant en attaque qu\u2019efficace en d\u00e9fense (plusieurs plaquages offensifs et une mont\u00e9e en pointe pour emp\u00eacher un essai adverse dans le second acte), le jeune (22 ans) joueur s\u2019est surtout vu refuser deux essais dans le premier acte. Sur le premier, il avait r\u00e9ussi un joli petit coup de pied rasant pour battre son adversaire. Finalement trop court pour aplatir devant Veredamu.<\/p>\n<p class=\"fig-paragraph\">FLOPS<\/p>\n<p>Grenoble est maudit<\/p>\n<p class=\"fig-paragraph\">Les mots nous manquent pour d\u00e9crire la situation des Is\u00e9rois. Pour la sixi\u00e8me fois de suite, le FCG s\u2019est inclin\u00e9 dans un match qui pouvait leur permettre de monter dans l\u2019\u00e9lite. Une semaine apr\u00e8s leur revers inattendu face \u00e0 Montauban, Trouilloud et les siens avaient l\u2019occasion de vaincre enfin le signe indien, de mettre fin \u00e0 plusieurs ann\u00e9es de gal\u00e8re pour retrouver le Top 14. Encore manqu\u00e9. Pourtant les hommes de Nicolas Nadau ont beaucoup donn\u00e9, notamment en premi\u00e8re p\u00e9riode. Hulleu, Couilloud ou encore Lainault &#8211; auteur du seul essai grenoblois &#8211; ont r\u00e9alis\u00e9 des performances solides. Mais les deux essais refus\u00e9s, les quelques \u00e9checs face aux perches de Sam Davies et les impr\u00e9cisions ont eu raison d\u2019eux. Grenoble reste ainsi en Pro D2 malgr\u00e9 une saison r\u00e9guli\u00e8re termin\u00e9e \u00e0 la premi\u00e8re place. Il y aura peut-\u00eatre des jours meilleurs au Stade des Alpes, qui accuse certainement le coup.<\/p>\n<p>Le jeu au pied du FCG a failli<\/p>\n<p class=\"fig-paragraph\">Trop souvent, Sam Davies et les siens ont failli dans le jeu au pied face \u00e0 l\u2019Usap. L\u2019ouvreur gallois en premier lieu, face aux perches avec plusieurs \u00e9checs, et dans le jeu, trop facilement contr\u00e9 par Duguivalu en seconde p\u00e9riode. De m\u00eame pour Julien Farnoux, auteur d\u2019un jeu au pied trop long qui a termin\u00e9 sa course en ballon mort. Enfin, Romain Trouilloud, pourtant auteur d\u2019une belle entr\u00e9e, g\u00e2chait un dernier surnombre aux alentours de la 79e minute de jeu avec un coup de pied totalement manqu\u00e9 et directement en touche.<\/p>\n<p>Perpignan nous a laiss\u00e9s sur notre fin<\/p>\n<p class=\"fig-paragraph\">Une fulgurance&#8230; et puis c\u2019est tout. Apr\u00e8s un premier essai sublime inscrit par Veredamu en d\u00e9but de match (2e minute), les Catalans se sont totalement \u00e9teints. Par la suite de ce match d\u2019accession, on a que trop peu vu le jeu flamboyant que sont capables de proposer les hommes de Frank Az\u00e9ma. Pour leur d\u00e9fense, le ballon \u00e9tait certainement loin d\u2019\u00eatre facile \u00e0 manier, rendu humide par une chaleur \u00e9touffante. Qu\u2019importe, l\u2019important \u00e9tait ailleurs pour les Perpignanais ce samedi, qui joueront dans l\u2019\u00e9lite au cours de l\u2019exercice 2025-26.<\/p>\n","protected":false},"excerpt":{"rendered":"Ce samedi \u00e0 l\u2019occasion du match d\u2019accession, Perpignan est venu \u00e0 bout de Grenoble (11-13) et \u00e9voluera en&hellip;\n","protected":false},"author":2,"featured_media":176619,"comment_status":"","ping_status":"","sticky":false,"template":"","format":"standard","meta":{"footnotes":""},"categories":[9566],"tags":[1111,11,2430,525,4590,1981,2313,814,1777,674,1011,27,2731,955,12,4589,2308,2311,25,1980,479,2259,478,2310,2312,14988],"class_list":{"0":"post-176618","1":"post","2":"type-post","3":"status-publish","4":"format-standard","5":"has-post-thumbnail","7":"category-grenoble","8":"tag-actu","9":"tag-actualites","10":"tag-auvergne-rhone-alpes","11":"tag-calendrier","12":"tag-championnat-france","13":"tag-classement","14":"tag-clermont","15":"tag-direct","16":"tag-eu","17":"tag-europe","18":"tag-fr","19":"tag-france","20":"tag-grenoble","21":"tag-match","22":"tag-news","23":"tag-phase-finale","24":"tag-pro-d2","25":"tag-racing","26":"tag-republique-francaise","27":"tag-resultats","28":"tag-rugby","29":"tag-score","30":"tag-top-14","31":"tag-toulon","32":"tag-toulouse","33":"tag-usap"},"share_on_mastodon":{"url":"https:\/\/pubeurope.com\/@fr\/114683361650092495","error":""},"_links":{"self":[{"href":"https:\/\/www.europesays.com\/fr\/wp-json\/wp\/v2\/posts\/176618","targetHints":{"allow":["GET"]}}],"collection":[{"href":"https:\/\/www.europesays.com\/fr\/wp-json\/wp\/v2\/posts"}],"about":[{"href":"https:\/\/www.europesays.com\/fr\/wp-json\/wp\/v2\/types\/post"}],"author":[{"embeddable":true,"href":"https:\/\/www.europesays.com\/fr\/wp-json\/wp\/v2\/users\/2"}],"replies":[{"embeddable":true,"href":"https:\/\/www.europesays.com\/fr\/wp-json\/wp\/v2\/comments?post=176618"}],"version-history":[{"count":0,"href":"https:\/\/www.europesays.com\/fr\/wp-json\/wp\/v2\/posts\/176618\/revisions"}],"wp:featuredmedia":[{"embeddable":true,"href":"https:\/\/www.europesays.com\/fr\/wp-json\/wp\/v2\/media\/176619"}],"wp:attachment":[{"href":"https:\/\/www.europesays.com\/fr\/wp-json\/wp\/v2\/media?parent=176618"}],"wp:term":[{"taxonomy":"category","embeddable":true,"href":"https:\/\/www.europesays.com\/fr\/wp-json\/wp\/v2\/categories?post=176618"},{"taxonomy":"post_tag","embeddable":true,"href":"https:\/\/www.europesays.com\/fr\/wp-json\/wp\/v2\/tags?post=176618"}],"curies":[{"name":"wp","href":"https:\/\/api.w.org\/{rel}","templated":true}]}}