{"id":176624,"date":"2025-06-14T19:28:11","date_gmt":"2025-06-14T19:28:11","guid":{"rendered":"https:\/\/www.europesays.com\/fr\/176624\/"},"modified":"2025-06-14T19:28:11","modified_gmt":"2025-06-14T19:28:11","slug":"jeanne-barseghian-demande-aux-deputes-un-cadre-pour-pouvoir-agir","status":"publish","type":"post","link":"https:\/\/www.europesays.com\/fr\/176624\/","title":{"rendered":"Jeanne Barseghian demande aux d\u00e9put\u00e9s un cadre pour pouvoir agir"},"content":{"rendered":"<p>  500\u00a0millions d\u2019euros investis<\/p>\n<p>Depuis le d\u00e9but du mandat, la collectivit\u00e9 a \u00ab\u00a0engag\u00e9 des moyens sans pr\u00e9c\u00e9dent pour r\u00e9ussir <a href=\"https:\/\/www.dna.fr\/economie\/2024\/08\/23\/priorite-aux-mobilites-l-eurometropole-poursuit-le-voyage\" target=\"_blank\" rel=\"noopener\">la transition des mobilit\u00e9s<\/a> juste et efficace afin de prot\u00e9ger la sant\u00e9 de notre population\u00a0\u00bb, \u00e9crit-elle dans sa missive. L\u2019\u00e9lue rappelle les quelque \u00ab\u00a0500\u00a0millions d\u2019euros [investis] \u00e0 l\u2019\u00e9chelle de l\u2019Eurom\u00e9tropole\u00a0\u00bb, entre autres, dans l\u2019extension du r\u00e9seau <a href=\"https:\/\/www.dna.fr\/politique\/2025\/05\/06\/le-tram-ouest-cherche-la-bonne-voix\" target=\"_blank\" rel=\"noopener\">tram \u00e0 l\u2019ouest<\/a> , la ligne <a href=\"https:\/\/www.dna.fr\/transport\/2024\/04\/20\/bhns-un-bus-supplementaire-des-septembre\" target=\"_blank\" rel=\"noopener\">BHNS<\/a> , la gratuit\u00e9 des transports pour les mineurs, le <a href=\"https:\/\/www.dna.fr\/encadres\/2025\/02\/20\/plan-velo-des-realisations-engagees-cette-annee\" target=\"_blank\" rel=\"noopener\">plan v\u00e9lo<\/a>\u2026<\/p>\n<p>La collectivit\u00e9 a aussi d\u00e9clin\u00e9 le dispositif des ZFE pour encourager \u00e0 renouveler le parc de v\u00e9hicules et inciter au report modal, via la cr\u00e9ation de <a href=\"https:\/\/www.dna.fr\/environnement\/2025\/06\/14\/zfe-en-rade-aides-suspendues-l-agence-du-climat-resiste\" target=\"_blank\" rel=\"noopener\">l\u2019Agence du climat<\/a> (en 2021) et son travail d\u2019accompagnement. Un engagement de la collectivit\u00e9 qui \u00ab\u00a0a port\u00e9 ses fruits puisque la qualit\u00e9 de l\u2019air <a href=\"https:\/\/www.dna.fr\/environnement\/2024\/02\/01\/pollution-de-l-air-sous-les-seuils-zfe-en-mode-pedagogique\" target=\"_blank\" rel=\"noopener\">s\u2019est am\u00e9lior\u00e9e \u00e0 Strasbourg en 2023<\/a> \u00a0\u00bb, rel\u00e8ve-t-elle.<\/p>\n<p>  Fin de la ZFE\u00a0: \u00ab une insulte aux 500 personnes qui meurent chaque ann\u00e9e\u00a0\u00bb<\/p>\n<p>Or, d\u00e9plore Jeanne Barseghian, \u00ab\u00a0d\u00e8s le d\u00e9part, l\u2019\u00c9tat s\u2019est d\u00e9fauss\u00e9 sur les collectivit\u00e9s locales en ne leur apportant pas les outils n\u00e9cessaires \u00e0 la r\u00e9ussite des ZFE\u00a0\u00bb, avant de se \u00ab\u00a0d\u00e9sengager brutalement sur les aides \u00e0 la conversion \u00e0 l\u2019automne 2024\u00a0\u00bb.<\/p>\n<p>Et l\u2019\u00e9lue de s\u2019offusquer de \u00ab\u00a0la disparition totale du dispositif [\u2026] qui est une insulte aux 500 personnes qui meurent chaque ann\u00e9e pr\u00e9matur\u00e9ment dans notre agglom\u00e9ration \u00e0 cause de la pollution de l\u2019air\u00a0\u00bb. La maire de Strasbourg d\u00e9nonce une \u00ab\u00a0action irresponsable et populiste qui va aggraver les in\u00e9galit\u00e9s sociales et rench\u00e9rir le co\u00fbt sanitaire de la pollution de l\u2019air\u00a0\u00bb.<\/p>\n<p>Jeanne Barseghian demande par cons\u00e9quent aux d\u00e9put\u00e9s strasbourgeois de se mobiliser pour \u00e9tablir, dans leurs responsabilit\u00e9s propres, \u00ab\u00a0un cadre r\u00e9glementaire permettant aux collectivit\u00e9s d\u2019agir concr\u00e8tement pour l\u2019am\u00e9lioration de la qualit\u00e9 de l\u2019air et la protection de la sant\u00e9 de nos populations, avec des moyens financiers et juridiques concrets\u00a0\u00bb.<\/p>\n","protected":false},"excerpt":{"rendered":"500\u00a0millions d\u2019euros investis Depuis le d\u00e9but du mandat, la collectivit\u00e9 a \u00ab\u00a0engag\u00e9 des moyens sans pr\u00e9c\u00e9dent pour r\u00e9ussir&hellip;\n","protected":false},"author":2,"featured_media":176625,"comment_status":"","ping_status":"","sticky":false,"template":"","format":"standard","meta":{"footnotes":""},"categories":[2820],"tags":[1111,11,2389,2649,2880,436,1777,674,107,1011,27,775,8423,12,1800,5140,25,640,2879],"class_list":{"0":"post-176624","1":"post","2":"type-post","3":"status-publish","4":"format-standard","5":"has-post-thumbnail","7":"category-strasbourg","8":"tag-actu","9":"tag-actualites","10":"tag-alsace","11":"tag-bas-rhin","12":"tag-edition-strasbourg","13":"tag-environnement","14":"tag-eu","15":"tag-europe","16":"tag-fil-info","17":"tag-fr","18":"tag-france","19":"tag-grand-est","20":"tag-meteorologie-climat","21":"tag-news","22":"tag-pollution","23":"tag-rechauffement-climatique","24":"tag-republique-francaise","25":"tag-strasbourg","26":"tag-strasbourg-ville"},"share_on_mastodon":{"url":"https:\/\/pubeurope.com\/@fr\/114683373349544921","error":""},"_links":{"self":[{"href":"https:\/\/www.europesays.com\/fr\/wp-json\/wp\/v2\/posts\/176624","targetHints":{"allow":["GET"]}}],"collection":[{"href":"https:\/\/www.europesays.com\/fr\/wp-json\/wp\/v2\/posts"}],"about":[{"href":"https:\/\/www.europesays.com\/fr\/wp-json\/wp\/v2\/types\/post"}],"author":[{"embeddable":true,"href":"https:\/\/www.europesays.com\/fr\/wp-json\/wp\/v2\/users\/2"}],"replies":[{"embeddable":true,"href":"https:\/\/www.europesays.com\/fr\/wp-json\/wp\/v2\/comments?post=176624"}],"version-history":[{"count":0,"href":"https:\/\/www.europesays.com\/fr\/wp-json\/wp\/v2\/posts\/176624\/revisions"}],"wp:featuredmedia":[{"embeddable":true,"href":"https:\/\/www.europesays.com\/fr\/wp-json\/wp\/v2\/media\/176625"}],"wp:attachment":[{"href":"https:\/\/www.europesays.com\/fr\/wp-json\/wp\/v2\/media?parent=176624"}],"wp:term":[{"taxonomy":"category","embeddable":true,"href":"https:\/\/www.europesays.com\/fr\/wp-json\/wp\/v2\/categories?post=176624"},{"taxonomy":"post_tag","embeddable":true,"href":"https:\/\/www.europesays.com\/fr\/wp-json\/wp\/v2\/tags?post=176624"}],"curies":[{"name":"wp","href":"https:\/\/api.w.org\/{rel}","templated":true}]}}