{"id":176628,"date":"2025-06-14T19:30:19","date_gmt":"2025-06-14T19:30:19","guid":{"rendered":"https:\/\/www.europesays.com\/fr\/176628\/"},"modified":"2025-06-14T19:30:19","modified_gmt":"2025-06-14T19:30:19","slug":"securite-restaurants-embouteillages-la-baleine-nos-tops-et-nos-flops-du-sommet-de-locean-unoc-a-nice","status":"publish","type":"post","link":"https:\/\/www.europesays.com\/fr\/176628\/","title":{"rendered":"S\u00e9curit\u00e9, restaurants, embouteillages, la Baleine&#8230; Nos tops et nos flops du Sommet de l\u2019Oc\u00e9an Unoc \u00e0 Nice"},"content":{"rendered":"<p>De nombreux engagements ont \u00e9t\u00e9 pris par plusieurs \u00c9tats lors de ce sommet sur l\u2019Oc\u00e9an: prot\u00e9ger 64% des Oc\u00e9ans (avec l\u2019accord BBNJ), mettre fin \u00e0 la subvention de la p\u00eache ill\u00e9gale (avec l\u2019accord Fish 1) ou encore r\u00e9duire la production de plastique. Mais derri\u00e8re ces grandes d\u00e9cisions diplomatiques et internationales, cet \u00e9v\u00e9nement a aussi secou\u00e9 le quotidien des Ni\u00e7ois. On vous dit ce qui a plu (ou pas).<\/p>\n<p>Top: le succ\u00e8s de la Baleine<\/p>\n<p>Le palais des expositions transform\u00e9 en espace de rencontres, de conf\u00e9rences et de pr\u00e9sentations en tous genres a conquis le public. La foule est venue nombreuse \u00e0 La Baleine, des curieux mais aussi des familles le mercredi et le samedi ainsi que de nombreux \u00e9coliers en sortie scolaire avec leurs enseignants. Au total, plus de 100.000 personnes ont fl\u00e2n\u00e9 au gr\u00e9 des 16 pavillons th\u00e9matiques qui ont orchestr\u00e9 pr\u00e8s de 300 \u00e9v\u00e9nements.<\/p>\n<p>Flop: les embouteillages<\/p>\n<p>Il n\u2019aura pas \u00e9t\u00e9 tous les jours facile de circuler \u00e0 Nice. Si on est tr\u00e8s (tr\u00e8s) loin des embouteillages monstres lors de la venue du pr\u00e9sident chinois en 2019, des ralentissements ont \u00e9t\u00e9 signal\u00e9s, en particulier dans le quartier du port et \u00e0 proximit\u00e9 du palais des Expositions. Mais aussi, par effet boule de neige et en raison de contr\u00f4les de forces de l\u2019ordre, sur l\u2019autoroute A8, la voie Mathis, la p\u00e9n\u00e9trante du Paillon, la p\u00e9n\u00e9trante Cagnes-Vence ou la RM 6202 bis.<\/p>\n<p>Top: la s\u00e9curit\u00e9<\/p>\n<p>Les innombrables uniformes bleu et kaki que l\u2019on a vu patrouiller dans la ville ont donn\u00e9 un sentiment de s\u00e9curit\u00e9. L\u2019impression a \u00e9t\u00e9 notable lors de la soir\u00e9e festive du 6 juin. Les forces de l\u2019ordre ont permis que les choses se d\u00e9roulent dans le calme malgr\u00e9 l\u2019affluence record de 120.000 personnes. Aucune incident notable n\u2019a \u00e9t\u00e9 d\u00e9plor\u00e9.<\/p>\n<p>Flop: la soupe \u00e0 la grimace des restaurateurs<\/p>\n<p>\u00ab\u00a0C\u2019\u00e9tait un peu dur. Ils ont tir\u00e9 la langue.\u00a0\u00bb Plut\u00f4t mi-figue mi-raisin le commentaire de No\u00ebl Ajoury, porte-parole des restaurateurs ni\u00e7ois, dont certains, ont \u00e9t\u00e9 p\u00e9nalis\u00e9s par le p\u00e9rim\u00e8tre verrouill\u00e9 du port, \u00e9picentre du sommet de l\u2019Unoc. Ceux du Port et d\u2019autres, situ\u00e9s dans des cercles concentriques proches de l\u2019infranchissable zone bleue. La pr\u00e9sence d\u2019une cantine (qui n\u2019\u00e9tait pourtant pas pr\u00e9vue) pour les congressistes n\u2019a pas arrang\u00e9 la fr\u00e9quentation des \u00e9tablissements. La fameuse application Pluxee permettant aux participants de prendre un repas \u00e0 20 euros? Elle n\u2019a pas trop march\u00e9. \u00ab\u00a0Plut\u00f4t le soir, mod\u00e8re Tom Wander, responsable de deux \u00e9tablissements aux portes du Vieux-Nice. Selon les journ\u00e9es, ce fut tout l\u2019un ou tout l\u2019autre. Des gens n\u2019osaient pas venir, mais on a \u00e9galement bien travaill\u00e9 avec des groupes de congressistes.\u00a0\u00bb<\/p>\n<p>Top: le spectacle de drones<\/p>\n<p>Inoubliable spectacle de drones dans le ciel de la Baie des Anges, le 6 juin en pr\u00e9ambule du sommet de l\u2019Unoc. On n\u2019oubliera pas de sit\u00f4t le ballet des 2025 mini-engins autonomes \u00e9quip\u00e9s de lumi\u00e8res changeantes, formant une succession de tableaux lumineux en suspension dans les airs. Cette beaut\u00e9 c\u00e9leste, ovationn\u00e9e par 120.000 spectateurs, a parfaitement illustr\u00e9 les retomb\u00e9es positives pour l\u2019image de Nice, devenue le temps d\u2019une conf\u00e9rence cruciale, capitale mondiale et brillante des fonds marins.<\/p>\n<p>Flop: des Ni\u00e7ois indiff\u00e9rents au sort des oc\u00e9ans?<\/p>\n<p>Le sommet historique se voulait m\u00e9morable. Mais l\u2019Histoire \u00e9crite d\u2019une encre encore fra\u00eeche n\u2019impr\u00e8gne pas toujours les m\u00e9moires des contemporains. En t\u00e9moignent ces nombreux Ni\u00e7ois rest\u00e9s indiff\u00e9rents \u00e0 l\u2019Unoc. \u00c0 la rigueur, ils ont \u00ab\u00a0assist\u00e9 au spectacle de drones\u00a0\u00bb, ont \u00ab\u00a0\u00e9cout\u00e9 Macron \u00e0 la t\u00e9l\u00e9\u00a0\u00bb. Mais de l\u00e0 \u00e0 suivre des conf\u00e9rences \u00e0 la Baleine ou \u00e0 battre le pav\u00e9 lors de la marche bleue (qui n\u2019exc\u00e9da pas les 1.000 participants, dont nombre d\u2019\u00e9trangers)&#8230; Il semble qu\u2019une routine bien huil\u00e9e ne se m\u00e9lange pas facilement au grand bain onusien.<\/p>\n<p>Top: l\u2019implication des \u00e9coliers<\/p>\n<p>\u00c0 Nice et dans toute la M\u00e9tropole, 450 \u00e9coliers ont particip\u00e9 au sommet \u00e0 leur \u00e9chelle. Ils ont par exemple propos\u00e9 les \u00ab\u00a0Accords de Nice junior\u00a0\u00bb: 12 propositions pour mieux prot\u00e9ger l\u2019oc\u00e9an, soumises au maire de Nice. Parmi elles: cr\u00e9er le m\u00e9tier d\u2019agent plongeur pour nettoyer la mer, comme le font les agents municipaux sur la voirie. Ces r\u00e9flexions leur ont \u00e9galement permis de mettre en place onze actions \u00e9coresponsables dans leurs \u00e9coles respectives. Au kiosque du Th\u00e9\u00e2tre national de Nice, 485 \u00e9l\u00e8ves de coll\u00e8ges et lyc\u00e9es des Alpes-Maritimes ont \u00e9galement d\u00e9clam\u00e9 des \u00ab\u00a0Lettres \u00e0 l\u2019Oc\u00e9an\u00a0\u00bb.<\/p>\n","protected":false},"excerpt":{"rendered":"De nombreux engagements ont \u00e9t\u00e9 pris par plusieurs \u00c9tats lors de ce sommet sur l\u2019Oc\u00e9an: prot\u00e9ger 64% des&hellip;\n","protected":false},"author":2,"featured_media":176629,"comment_status":"","ping_status":"","sticky":false,"template":"","format":"standard","meta":{"footnotes":""},"categories":[2819],"tags":[1111,11,1777,674,1011,27,12,2401,882,25,3366],"class_list":{"0":"post-176628","1":"post","2":"type-post","3":"status-publish","4":"format-standard","5":"has-post-thumbnail","7":"category-nice","8":"tag-actu","9":"tag-actualites","10":"tag-eu","11":"tag-europe","12":"tag-fr","13":"tag-france","14":"tag-news","15":"tag-nice","16":"tag-provence-alpes-cote-dazur","17":"tag-republique-francaise","18":"tag-vie-locale"},"share_on_mastodon":{"url":"https:\/\/pubeurope.com\/@fr\/114683381247515018","error":""},"_links":{"self":[{"href":"https:\/\/www.europesays.com\/fr\/wp-json\/wp\/v2\/posts\/176628","targetHints":{"allow":["GET"]}}],"collection":[{"href":"https:\/\/www.europesays.com\/fr\/wp-json\/wp\/v2\/posts"}],"about":[{"href":"https:\/\/www.europesays.com\/fr\/wp-json\/wp\/v2\/types\/post"}],"author":[{"embeddable":true,"href":"https:\/\/www.europesays.com\/fr\/wp-json\/wp\/v2\/users\/2"}],"replies":[{"embeddable":true,"href":"https:\/\/www.europesays.com\/fr\/wp-json\/wp\/v2\/comments?post=176628"}],"version-history":[{"count":0,"href":"https:\/\/www.europesays.com\/fr\/wp-json\/wp\/v2\/posts\/176628\/revisions"}],"wp:featuredmedia":[{"embeddable":true,"href":"https:\/\/www.europesays.com\/fr\/wp-json\/wp\/v2\/media\/176629"}],"wp:attachment":[{"href":"https:\/\/www.europesays.com\/fr\/wp-json\/wp\/v2\/media?parent=176628"}],"wp:term":[{"taxonomy":"category","embeddable":true,"href":"https:\/\/www.europesays.com\/fr\/wp-json\/wp\/v2\/categories?post=176628"},{"taxonomy":"post_tag","embeddable":true,"href":"https:\/\/www.europesays.com\/fr\/wp-json\/wp\/v2\/tags?post=176628"}],"curies":[{"name":"wp","href":"https:\/\/api.w.org\/{rel}","templated":true}]}}