{"id":176648,"date":"2025-06-14T19:41:12","date_gmt":"2025-06-14T19:41:12","guid":{"rendered":"https:\/\/www.europesays.com\/fr\/176648\/"},"modified":"2025-06-14T19:41:12","modified_gmt":"2025-06-14T19:41:12","slug":"ares-31-a-marseille-sola-vs-oudelha-tous-les-resultats","status":"publish","type":"post","link":"https:\/\/www.europesays.com\/fr\/176648\/","title":{"rendered":"ARES 31 \u00e0 Marseille \u2013 Sola vs. Oudelha : Tous les r\u00e9sultats"},"content":{"rendered":"<p><a href=\"https:\/\/www.actumma.com\/wp-content\/uploads\/2025\/06\/ARES-31-Marseille.jpg\" target=\"_blank\" rel=\"noopener\"><img fetchpriority=\"high\" decoding=\"async\" width=\"1024\" height=\"568\" src=\"https:\/\/www.europesays.com\/fr\/wp-content\/uploads\/2025\/06\/ARES-31-Marseille-1024x568.jpg\" alt=\"ARES-31-Marseille\" class=\"wp-image-148957\"  \/><\/a>Cr\u00e9dit : ARES.<\/p>\n<p><strong>L\u2019ARES 31 \u2013 Sola vs. Oudelha a eu lieu ce samedi 14 juin au Palais des Sports de Marseille.<\/strong>\u00a0<strong><strong>Retrouvez tous les r\u00e9sultats de l\u2019\u00e9v\u00e9nement avec ActuMMA.<\/strong><\/strong><\/p>\n<p>ARES organisait pour la premi\u00e8re fois un \u00e9v\u00e9nement historique \u00e0 Marseille. Pour sa 31\u00e8me \u00e9dition, la promotion fran\u00e7aise faisait les choses en grand avec deux combats pour la ceinture. En\u00a0main event\u00a0<a href=\"https:\/\/www.actumma.com\/category\/combattants\/axel-sola\/\" target=\"_blank\" rel=\"noreferrer noopener\">Axel Sola<\/a>, champion\u00a0lightweight\u00a0de l\u2019organisation, tentait de d\u00e9fendre son titre contre Ghiles Oudelha. Le Ni\u00e7ois invaincu esp\u00e8rait confirmer avec la mani\u00e8re\u00a0<a href=\"https:\/\/www.actumma.com\/axel-sola-cash-sur-la-suite-de-sa-carriere-il-est-temps-que\/148250\/\" target=\"_blank\" rel=\"noreferrer noopener\">avant de viser une autre organisation<\/a>\u00a0plus tard dans l\u2019ann\u00e9e.<\/p>\n<p>En\u00a0co-main event, le Fran\u00e7ais Ylies Djiroun (23-8) tentait d\u2019arracher le titre des moins de 66 kg au champion invaincu Josh O\u2019Connor (9-0).<\/p>\n<p>Sur cette carte, on retrouvait d\u2019autres Fran\u00e7ais comme\u00a0<a href=\"https:\/\/www.actumma.com\/?post_type=post&amp;s=Vincent+del+Guerra\" target=\"_blank\" rel=\"noreferrer noopener nofollow\">Vincent del Guerra<\/a>\u00a0ou encore Noah Gugnon.<\/p>\n<p>ARES 31 \u00e0 Marseille \u2013 Sola vs. Oudelha : Tous les r\u00e9sultats<\/p>\n<p>Carte principale<\/p>\n<p>Lightweight \u2013\u00a0<strong>Axel Sola<\/strong>\u00a0vs.\u00a0<strong>Ghiles Oudelha<\/strong><\/p>\n<p>Featherweight \u2013\u00a0<strong>Josh O\u2019Connor\u00a0<\/strong>vs.\u00a0<strong>Ylies Djiroun<\/strong><\/p>\n<p>Welterweight \u2013\u00a0<strong>Vincent del Guerra<\/strong>\u00a0vs.\u00a0<strong>Nenad Avramovic<\/strong><\/p>\n<p>Lightweight \u2013\u00a0<strong>Noah Gugnon<\/strong>\u00a0vs.\u00a0<strong>Ioan Harris<\/strong><\/p>\n<p>Strawweight (f\u00e9minin) \u2013\u00a0<strong>Fabiola Pidroni<\/strong>\u00a0vs.\u00a0<strong>Juliana Rodrigues<\/strong><\/p>\n<p>Carte pr\u00e9liminaire<\/p>\n<p>Featherweight \u2013<strong>\u00a0Abdoulaye Dione<\/strong> bat <strong>Alberto Ponzio<\/strong> par soumission au 3\u00e8me round.<\/p>\n<p>Heavyweight \u2013\u00a0<strong>Meledje<\/strong> <strong>Yedoh<\/strong> bat <strong>Steeve Nsakou<\/strong> par d\u00e9cision majoritaire.<\/p>\n<p>Flyweight \u2013\u00a0<strong>Vitor Enrique<\/strong> bat <strong>Kevin Azouz<\/strong> par soumission (RNC) au 1er round.<\/p>\n<p>Featherweight \u2013<strong>\u00a0Nasser Boungab<\/strong> bat <strong>Ludovic Agou\u00e9<\/strong> par TKO au 2\u00e8me round.<\/p>\n<p><strong>Qu\u2019avez-vous pens\u00e9 de cet \u00e9v\u00e9nement ?<\/strong><\/p>\n<p><a href=\"https:\/\/www.youtube.com\/watch?v=NqcrD0AiU8c\" target=\"_blank\" rel=\"noreferrer noopener\"><img loading=\"lazy\" decoding=\"async\" width=\"1024\" height=\"574\" src=\"https:\/\/www.europesays.com\/fr\/wp-content\/uploads\/2025\/06\/topuria-oliveira-khamzat-chimaev-du-plessis-ufc-317-ufc-319-mma-1024x574.jpg\" alt=\"\" class=\"wp-image-145793\"  \/><\/a><\/p>\n","protected":false},"excerpt":{"rendered":"Cr\u00e9dit : ARES. L\u2019ARES 31 \u2013 Sola vs. Oudelha a eu lieu ce samedi 14 juin au Palais&hellip;\n","protected":false},"author":2,"featured_media":176649,"comment_status":"","ping_status":"","sticky":false,"template":"","format":"standard","meta":{"footnotes":""},"categories":[2814],"tags":[1111,11,31237,31238,1777,674,1011,27,31239,884,1847,12,882,25],"class_list":{"0":"post-176648","1":"post","2":"type-post","3":"status-publish","4":"format-standard","5":"has-post-thumbnail","7":"category-marseille","8":"tag-actu","9":"tag-actualites","10":"tag-ares","11":"tag-axel-sola","12":"tag-eu","13":"tag-europe","14":"tag-fr","15":"tag-france","16":"tag-ghiles-oudelha","17":"tag-marseille","18":"tag-mma","19":"tag-news","20":"tag-provence-alpes-cote-dazur","21":"tag-republique-francaise"},"share_on_mastodon":{"url":"https:\/\/pubeurope.com\/@fr\/114683424681293027","error":""},"_links":{"self":[{"href":"https:\/\/www.europesays.com\/fr\/wp-json\/wp\/v2\/posts\/176648","targetHints":{"allow":["GET"]}}],"collection":[{"href":"https:\/\/www.europesays.com\/fr\/wp-json\/wp\/v2\/posts"}],"about":[{"href":"https:\/\/www.europesays.com\/fr\/wp-json\/wp\/v2\/types\/post"}],"author":[{"embeddable":true,"href":"https:\/\/www.europesays.com\/fr\/wp-json\/wp\/v2\/users\/2"}],"replies":[{"embeddable":true,"href":"https:\/\/www.europesays.com\/fr\/wp-json\/wp\/v2\/comments?post=176648"}],"version-history":[{"count":0,"href":"https:\/\/www.europesays.com\/fr\/wp-json\/wp\/v2\/posts\/176648\/revisions"}],"wp:featuredmedia":[{"embeddable":true,"href":"https:\/\/www.europesays.com\/fr\/wp-json\/wp\/v2\/media\/176649"}],"wp:attachment":[{"href":"https:\/\/www.europesays.com\/fr\/wp-json\/wp\/v2\/media?parent=176648"}],"wp:term":[{"taxonomy":"category","embeddable":true,"href":"https:\/\/www.europesays.com\/fr\/wp-json\/wp\/v2\/categories?post=176648"},{"taxonomy":"post_tag","embeddable":true,"href":"https:\/\/www.europesays.com\/fr\/wp-json\/wp\/v2\/tags?post=176648"}],"curies":[{"name":"wp","href":"https:\/\/api.w.org\/{rel}","templated":true}]}}