{"id":176650,"date":"2025-06-14T19:42:10","date_gmt":"2025-06-14T19:42:10","guid":{"rendered":"https:\/\/www.europesays.com\/fr\/176650\/"},"modified":"2025-06-14T19:42:10","modified_gmt":"2025-06-14T19:42:10","slug":"un-chantier-hors-norme-a-14-millions-deuros","status":"publish","type":"post","link":"https:\/\/www.europesays.com\/fr\/176650\/","title":{"rendered":"un chantier hors-norme \u00e0 14\u00a0millions d\u2019euros"},"content":{"rendered":"<p>Marcher dans les pas des pr\u00eatres maristes, faire un saut dans le quotidien de ces hommes qui avaient pris possession du \u00ab\u00a0ch\u00e2teau\u00a0\u00bb en 1854. C\u2019est ce qu\u2019auront la chance de vivre quelques privil\u00e9gi\u00e9s en s\u2019installant dans l\u2019ancien s\u00e9minaire de la congr\u00e9gation catholique \u00e0 Sainte-Foy-l\u00e8s-Lyon.<\/p>\n<p>Situ\u00e9 au 74 chemin du Grand Roule, ce site exceptionnel au parc d\u2019un hectare \u00e9tait habit\u00e9 il y a encore deux ans par six pr\u00eatres retrait\u00e9s de la Soci\u00e9t\u00e9 de Marie (P\u00e8res maristes). Devenu trop grand pour eux, <a href=\"https:\/\/www.leprogres.fr\/societe\/2023\/12\/14\/sainte-foy-les-lyon-ce-chateau-abritera-40-logements-sociaux\" target=\"_blank\" rel=\"noopener\">il avait \u00e9t\u00e9 vendu en 2021<\/a> \u00e0 la coop\u00e9rative Rh\u00f4ne Sa\u00f4ne Habitat, qui conduit en ce moment <a href=\"https:\/\/www.leprogres.fr\/economie\/2024\/02\/19\/le-chateau-transforme-en-hlm-a-sainte-foy-les-lyon-la-grue-entre-en-action\" target=\"_blank\" rel=\"noopener\">un grand chantier<\/a> pour y am\u00e9nager 63 logements sociaux, livr\u00e9s normalement en&#8230;<\/p>\n","protected":false},"excerpt":{"rendered":"Marcher dans les pas des pr\u00eatres maristes, faire un saut dans le quotidien de ces hommes qui avaient&hellip;\n","protected":false},"author":2,"featured_media":176651,"comment_status":"","ping_status":"","sticky":false,"template":"","format":"standard","meta":{"footnotes":""},"categories":[1889],"tags":[1111,11,2430,1687,3154,1777,674,107,1011,27,1908,2428,12,2661,25,2429,15673,15674,4604,273,104],"class_list":{"0":"post-176650","1":"post","2":"type-post","3":"status-publish","4":"format-standard","5":"has-post-thumbnail","7":"category-lyon","8":"tag-actu","9":"tag-actualites","10":"tag-auvergne-rhone-alpes","11":"tag-culture-loisirs","12":"tag-edition-sud-lyonnais","13":"tag-eu","14":"tag-europe","15":"tag-fil-info","16":"tag-fr","17":"tag-france","18":"tag-logement","19":"tag-lyon","20":"tag-news","21":"tag-patrimoine-culturel","22":"tag-republique-francaise","23":"tag-rhone","24":"tag-sainte-foy-les-lyon","25":"tag-sainte-foy-les-lyon-bassin","26":"tag-selection-abonne","27":"tag-selection-de-la-redaction","28":"tag-societe"},"share_on_mastodon":{"url":"https:\/\/pubeurope.com\/@fr\/114683428389959780","error":""},"_links":{"self":[{"href":"https:\/\/www.europesays.com\/fr\/wp-json\/wp\/v2\/posts\/176650","targetHints":{"allow":["GET"]}}],"collection":[{"href":"https:\/\/www.europesays.com\/fr\/wp-json\/wp\/v2\/posts"}],"about":[{"href":"https:\/\/www.europesays.com\/fr\/wp-json\/wp\/v2\/types\/post"}],"author":[{"embeddable":true,"href":"https:\/\/www.europesays.com\/fr\/wp-json\/wp\/v2\/users\/2"}],"replies":[{"embeddable":true,"href":"https:\/\/www.europesays.com\/fr\/wp-json\/wp\/v2\/comments?post=176650"}],"version-history":[{"count":0,"href":"https:\/\/www.europesays.com\/fr\/wp-json\/wp\/v2\/posts\/176650\/revisions"}],"wp:featuredmedia":[{"embeddable":true,"href":"https:\/\/www.europesays.com\/fr\/wp-json\/wp\/v2\/media\/176651"}],"wp:attachment":[{"href":"https:\/\/www.europesays.com\/fr\/wp-json\/wp\/v2\/media?parent=176650"}],"wp:term":[{"taxonomy":"category","embeddable":true,"href":"https:\/\/www.europesays.com\/fr\/wp-json\/wp\/v2\/categories?post=176650"},{"taxonomy":"post_tag","embeddable":true,"href":"https:\/\/www.europesays.com\/fr\/wp-json\/wp\/v2\/tags?post=176650"}],"curies":[{"name":"wp","href":"https:\/\/api.w.org\/{rel}","templated":true}]}}