{"id":176662,"date":"2025-06-14T19:48:09","date_gmt":"2025-06-14T19:48:09","guid":{"rendered":"https:\/\/www.europesays.com\/fr\/176662\/"},"modified":"2025-06-14T19:48:09","modified_gmt":"2025-06-14T19:48:09","slug":"a-neuilly-sur-seine-une-operation-seduction-pour-faire-face-a-la-penurie-de-personnels-de-creches","status":"publish","type":"post","link":"https:\/\/www.europesays.com\/fr\/176662\/","title":{"rendered":"\u00c0 Neuilly-sur-Seine, une op\u00e9ration s\u00e9duction pour faire face \u00e0 la p\u00e9nurie de personnels de cr\u00e8ches"},"content":{"rendered":"<p class=\"paragraph text_align_left\">Auxiliaires de pu\u00e9riculture, une partie des directrices des huit cr\u00e8ches de la ville ainsi que la directrice du service petite enfance et m\u00eame la premi\u00e8re adjointe au maire en charge de la famille, elles \u00e9taient toutes pr\u00e9sentes et aux petits soins pour tenter de s\u00e9duire les quelques candidates, moins d\u2019une dizaine, venues postuler, signe de l\u2019ampleur du d\u00e9fi.<\/p>\n","protected":false},"excerpt":{"rendered":"Auxiliaires de pu\u00e9riculture, une partie des directrices des huit cr\u00e8ches de la ville ainsi que la directrice du&hellip;\n","protected":false},"author":2,"featured_media":176663,"comment_status":"","ping_status":"","sticky":false,"template":"","format":"standard","meta":{"footnotes":""},"categories":[1888],"tags":[11,1777,674,1011,27,3314,1944,12,626,25],"class_list":{"0":"post-176662","1":"post","2":"type-post","3":"status-publish","4":"format-standard","5":"has-post-thumbnail","7":"category-paris","8":"tag-actualites","9":"tag-eu","10":"tag-europe","11":"tag-fr","12":"tag-france","13":"tag-hauts-de-seine","14":"tag-ma-ville","15":"tag-news","16":"tag-paris","17":"tag-republique-francaise"},"share_on_mastodon":{"url":"https:\/\/pubeurope.com\/@fr\/114683452020269019","error":""},"_links":{"self":[{"href":"https:\/\/www.europesays.com\/fr\/wp-json\/wp\/v2\/posts\/176662","targetHints":{"allow":["GET"]}}],"collection":[{"href":"https:\/\/www.europesays.com\/fr\/wp-json\/wp\/v2\/posts"}],"about":[{"href":"https:\/\/www.europesays.com\/fr\/wp-json\/wp\/v2\/types\/post"}],"author":[{"embeddable":true,"href":"https:\/\/www.europesays.com\/fr\/wp-json\/wp\/v2\/users\/2"}],"replies":[{"embeddable":true,"href":"https:\/\/www.europesays.com\/fr\/wp-json\/wp\/v2\/comments?post=176662"}],"version-history":[{"count":0,"href":"https:\/\/www.europesays.com\/fr\/wp-json\/wp\/v2\/posts\/176662\/revisions"}],"wp:featuredmedia":[{"embeddable":true,"href":"https:\/\/www.europesays.com\/fr\/wp-json\/wp\/v2\/media\/176663"}],"wp:attachment":[{"href":"https:\/\/www.europesays.com\/fr\/wp-json\/wp\/v2\/media?parent=176662"}],"wp:term":[{"taxonomy":"category","embeddable":true,"href":"https:\/\/www.europesays.com\/fr\/wp-json\/wp\/v2\/categories?post=176662"},{"taxonomy":"post_tag","embeddable":true,"href":"https:\/\/www.europesays.com\/fr\/wp-json\/wp\/v2\/tags?post=176662"}],"curies":[{"name":"wp","href":"https:\/\/api.w.org\/{rel}","templated":true}]}}