{"id":176664,"date":"2025-06-14T19:49:09","date_gmt":"2025-06-14T19:49:09","guid":{"rendered":"https:\/\/www.europesays.com\/fr\/176664\/"},"modified":"2025-06-14T19:49:09","modified_gmt":"2025-06-14T19:49:09","slug":"a-paris-une-marche-pro-gaza-ravivee-par-loperation-flottille-de-la-liberte","status":"publish","type":"post","link":"https:\/\/www.europesays.com\/fr\/176664\/","title":{"rendered":"\u00c0 Paris, une marche pro-Gaza raviv\u00e9e par l\u2019op\u00e9ration \u00abflottille de la libert\u00e9\u00bb"},"content":{"rendered":"<p>La place de la r\u00e9publique \u00e9tait noire de monde ce samedi lors de la mobilisation en soutien aux Palestiniens. L\u2019eurod\u00e9put\u00e9e LFI Rima Hassan, membre de l\u2019\u00e9quipage du Madleen arraisonn\u00e9 par l\u2019arm\u00e9e isra\u00e9lienne en d\u00e9but de semaine, a \u00e9t\u00e9 acclam\u00e9e.<\/p>\n<p class=\"fig-paragraph\">Son nom fuse de-ci de-l\u00e0 parmi la foule. On la montre du doigt. \u00abBravo Rima\u00a0! Rima, une photo\u00a0?\u00bb. Un coup de t\u00eate \u00e0 gauche, clich\u00e9. Un autre \u00e0 droite, sourire. Rima Hassan affiche une mine rayonnante. Press\u00e9e par une petite foule qui s\u2018empresse autour d\u2019elle dans le cort\u00e8ge parisien de la marche pour Gaza, qui marche de R\u00e9publique \u00e0 Nation ce samedi apr\u00e8s-midi, l\u2019eurod\u00e9put\u00e9e franco-palestinienne est \u00abla star\u00bb, selon les termes des manifestants qui l\u2019entourent. Voil\u00e0 trois jours, elle est revenue d\u2019Isra\u00ebl o\u00f9 la\u00a0<a href=\"http:\/\/www.lefigaro.fr\/international\/flottille-de-la-liberte-zaher-birawi-cofondateur-de-la-mission-humanitaire-accuse-d-etre-un-agent-du-hamas-20250610\" data-fig-type=\"NewsFlash\" data-gtm-custom-categorie=\"navigation\" data-gtm-custom-action=\"crossclick\" data-gtm-custom-label=\"Contextuel\" data-gtm-event=\"customEventSPE\" data-fig-domain=\"LEFIGARO\" target=\"_blank\" rel=\"noopener\">\u00abflottille de la libert\u00e9\u00bb<\/a>, partie avec quelques denr\u00e9es humanitaires pour braver le blocus sur Gaza, s\u2019est vue stopper par une intervention de l\u2019arm\u00e9e isra\u00e9lienne. Les 12 passagers \u00e0 son bord ont \u00e9t\u00e9 expuls\u00e9s. Trois ont refus\u00e9 et sont encore sur place.<\/p>\n<p class=\"fig-paragraph\">Ce samedi apr\u00e8s-midi, la place de la R\u00e9publique est bond\u00e9e. \u00abNous sommes tous des hommes enfants de Gaza\u00a0!\u00bb, scandent les milliers de personnes &#8211; 150.000 selon la CGT et LFI &#8211; mobilis\u00e9es. Les militants se disent pour certains galvanis\u00e9s par l\u2019\u00e9pisode de la flotille. Manon* et son compagnon, un drapeau dans chaque main, expliquent que cela leur a fait \u00abfranchir le cap\u00bb et qu\u2019il s\u2019agit de leur premi\u00e8re manifestation pro-Gaza. \u00abCette histoire m\u2019a r\u00e9volt\u00e9e. C\u2019est la goutte qui fait d\u00e9border le vase\u00bb, glisse Manon. \u00abLe journaliste Yannis Mhamdi de Blast, je le suivais d\u00e9j\u00e0. Je l\u2019ai trouv\u00e9 courageux\u00bb, glisse-t-elle au sujet d\u2019un des membres de l\u2019\u00e9quipage encore en Isra\u00ebl, \u00abet Greta Thunberg permet de montrer le lien entre l\u2019aspect anticolonial de la lutte climatique\u00bb, se f\u00e9licite encore la manifestante.<\/p>\n<p>    Des militants pro-Gaza place de la R\u00e9publique.<br \/>\n                Elisabeth Pierson \/ Le Figaro<\/p>\n<p class=\"fig-paragraph\">La manifestation s\u2019est voulue rassembleuse. Pour motiver les troupes, cinq syndicats (CFDT, CGT, Unsa, Solidaires et FSU) avaient soulign\u00e9 dans un communiqu\u00e9 conjoint que ce rassemblement s\u2019inscrivait dans le \u00abcadre du week-end mondial de mobilisations\u00bb. Ils ont \u00e9t\u00e9 rejoints par les partis de gauche, LFI, PS, PCF et EELV, ainsi que le collectif national pour une Paix Juste et Durable entre Palestiniens et Isra\u00e9liens (CNPJDPI), Attac ou encore Urgence Palestine. Dans l\u2019Humanit\u00e9 aussi, plusieurs personnalit\u00e9s dont la Prix Nobel de litt\u00e9rature Annie Ernaux, la chanteuse Ang\u00e8le, le rappeur M\u00e9dine, le Prix Goncourt Pierre Lemaitre, avaient appel\u00e9 \u00e0 rejoindre les cort\u00e8ges &#8211; aucun n\u2019est aper\u00e7u toutefois dans le cort\u00e8ge parisien.<\/p>\n<p>Des avis mesur\u00e9s sur la flotille<\/p>\n<p class=\"fig-paragraph\">Pr\u00e8s de la tribune, les habituels \u00e9lus insoumis sont au rendez-vous, sigl\u00e9s de leur \u00e9charpe tricolore. Jean-Luc M\u00e9lenchon, Louis Boyard, \u00c9ric Coquerel ou encore Manuel Bompard. Rima Hassan, l\u2019air digne, se hisse sur la tribune sous les hourras, avec deux autres membres de l\u2019\u00e9quipage du Madleen. \u00abOn a \u00e9t\u00e9 beaucoup critiqu\u00e9s, beaucoup m\u00e9pris\u00e9s aussi. Mais tous ceux qui nous ont critiqu\u00e9s ont brill\u00e9 par leur inaction, leur passivit\u00e9, leur complicit\u00e9\u00bb, clame l\u2019eurod\u00e9put\u00e9e franco-palestinienne, qui avait \u00e9t\u00e9 accueillie en grande pompe sur cette m\u00eame place mercredi soir par des centaines de soutiens.<\/p>\n<p class=\"fig-paragraph\">\u00abBeaucoup d\u2019entre vous je le crois se sont identifi\u00e9s aux passagers sur ce bateau. Cela a \u00e9t\u00e9 un signe d\u2019espoir. Jusqu\u2019au dernier jour, \u00e0 la derni\u00e8re heure, nous avons r\u00e9sist\u00e9\u00bb, continue-t-elle. \u00abNous ne voulons pas d\u2019une France complice\u00a0! Macron doit nous entendre de l\u00e0 o\u00f9 il est, et en ce sens la lutte doit continuer\u00bb, exhorte l\u2019eurod\u00e9put\u00e9e sous les acclamations.<\/p>\n<p>    La manifestation a rassembl\u00e9 ce samedi plusieurs milliers de personnes, 150.000 selon les organisateurs.<br \/>\n                Elisabeth Pierson \/ Le Figaro<\/p>\n<p>    Rima Hassan est la \u00abstar\u00bb du cort\u00e8ge LFI.<br \/>\n                Elisabeth Pierson \/ Le Figaro<\/p>\n<p class=\"fig-paragraph\">Lorsque l\u2019on s\u2019\u00e9loigne du cort\u00e8ge LFI, les avis sur l\u2019efficacit\u00e9 de la \u00abflotille\u00bb sont plus mesur\u00e9s. Pour Sylvie, grande fid\u00e8le des mobilisations pro-Gaza, se dit \u00abpas forc\u00e9ment convaincue\u00bb. \u00abRima Hassan pour moi ne repr\u00e9sente rien. Elle ne m\u2019inspire pas plus que d\u2019autres\u00bb, soupire cette encart\u00e9e du PCF, qui n\u2019aime pas trop quand LFI s\u2019approprie les mobilisations et d\u00e9plore leur \u00abhyst\u00e9rie permanente\u00bb. Elle juge qu\u2019il faut \u00abla jouer collectif\u00bb. \u00abIl faut que le mouvement vienne du peuple palestinien, avec notre soutien bien s\u00fbr. Comme le Vietnam \u00e0 l\u2019\u00e9poque\u00bb, compare cette sexag\u00e9naire, keffieh sur les \u00e9paules. \u00ab\u00c7a ne finira jamais de toute fa\u00e7on&#8230; un enfant gazaoui qui a vu toute sa famille tu\u00e9e, que voulez-vous que \u00e7a donne dans 20 ans\u00a0?\u00bb.<\/p>\n<p class=\"fig-paragraph\">\u00abLes m\u00e9dias en ont trop fait\u00bb, r\u00e9agit \u00e0 son tour Jean-Fran\u00e7ois. \u00abCe n\u2019\u00e9tait pas humanitaire, mais une op\u00e9ration politique\u00bb. \u00abL\u2019h\u00e9ro\u00efsation\u00bb de Rima Hassan a \u00e9t\u00e9 selon lui \u00abtotalement exag\u00e9r\u00e9e\u00bb. \u00abApr\u00e8s, si l\u2019objectif \u00e9tait de parler de Gaza, on peut dire que cela a \u00e9t\u00e9 efficace. Personnellement, cela fait des mois que je pense qu\u2019il aurait fallu faire des op\u00e9rations comme \u00e7a \u00e0 Rafah, sur la fronti\u00e8re\u00bb, estime ce manifestant qui a travaill\u00e9 une partie de sa vie dans l\u2019humanitaire.<\/p>\n<p>Tension boulevard Voltaire<\/p>\n<p class=\"fig-paragraph\">Lorsque le cort\u00e8ge s\u2019\u00e9lance vers 15h en direction de Nation, un incident survient boulevard Voltaire. Au balcon d\u2019un immeuble, un groupe de personnes agite un petit drapeau isra\u00e9lien et salue les manifestants d\u2019un geste de d\u00e9fi. La foule s\u2019\u00e9lectrise. \u00abSionistes, fascistes, c\u2019est vous les terroristes\u00a0!\u00bb, scandent-ils en ch\u0153ur. \u00abNazis\u00a0!\u00bb, crient certains, \u00abcassez leur la gueule\u00a0!\u00bb. La police se d\u00e9ploie devant l\u2019entr\u00e9e de l\u2019immeuble. La foule finit par reprendre son chemin.<\/p>\n<p class=\"fig-paragraph\">Bastien*, qui brandit un immense drapeau palestinien, voit ce combat dans le temps long. \u00abCela fait 77 ans, ce n\u2019est pas en un voilier humanitaire qui va changer les choses\u00bb, dit-il, tout en se f\u00e9licitant des effets de l\u2019op\u00e9ration, comme ces convois\u00a0<a href=\"http:\/\/www.lefigaro.fr\/international\/des-dizaines-de-militants-pro-palestiniens-dont-des-francais-interpelles-en-egypte-avant-une-marche-mondiale-vers-gaza-20250612\" target=\"_blank\" data-fig-type=\"NewsFlash\" rel=\"noopener\" data-gtm-custom-categorie=\"navigation\" data-gtm-custom-action=\"crossclick\" data-gtm-custom-label=\"Contextuel\" data-gtm-event=\"customEventSPE\" data-fig-domain=\"LEFIGARO\">partis de Tunisie et d\u2019\u00c9gypte<\/a>, avec des dizaines de milliers de militants pro-palestiniens en route vers Gaza. Ce chirurgien parisien est de toutes les mobilisations, d\u00e8s que ses gardes de nuit le lui permettent. Aujourd\u2019hui, il est particuli\u00e8rement en col\u00e8re apr\u00e8s l\u2019attaque\u00a0<a href=\"http:\/\/www.lefigaro.fr\/international\/teheran-en-feu-etat-d-urgence-en-israel-implication-du-mossad-le-recit-de-la-nuit-ou-tsahal-a-declenche-l-operation-rising-lion-contre-l-iran-20250613\" target=\"_blank\" data-fig-type=\"NewsFlash\" rel=\"noopener\" data-gtm-custom-categorie=\"navigation\" data-gtm-custom-action=\"crossclick\" data-gtm-custom-label=\"Contextuel\" data-gtm-event=\"customEventSPE\" data-fig-domain=\"LEFIGARO\">\u00abRising Lion\u00bb\u00a0<\/a>d\u00e9clench\u00e9e vendredi par Isra\u00ebl en Iran. \u00abDe quel droit\u00a0?\u00bb, s&rsquo;insurge-t-il. \u00abPourquoi l\u2019Iran n\u2019aurait pas droit \u00e0 l\u2019arme nucl\u00e9aire\u00a0? Chacun son pays\u00bb, r\u00e9crimine le jeune parisien.<\/p>\n<p class=\"fig-paragraph\">Manuel Bompard, lui, se dit tr\u00e8s fier de l\u2019\u00e9quipage du voilier Madleen. Il le dit tr\u00e8s fort au micro. \u00abBriser le blocus de Gaza est un devoir\u00a0!\u00bb, clame le coordinateur de La France insoumise, exprimant son \u00absoutien\u00bb et sa \u00abcompassion\u00bb pour les trois membres d\u2019\u00e9quipage \u00abd\u00e9tenus encore de mani\u00e8re ill\u00e9gale\u00bb. \u00abIls sauvent notre honneur. Ils ont port\u00e9 notre humanit\u00e9. Gloire \u00e0 celles et ceux qui se mobilisent\u00a0!\u00bb. Et l\u2019insoumis d\u2019appeler \u00e0 d\u2019autres formes de mobilisation, comme la suspension des jumelages avec les villes isra\u00e9liennes.<\/p>\n","protected":false},"excerpt":{"rendered":"La place de la r\u00e9publique \u00e9tait noire de monde ce samedi lors de la mobilisation en soutien aux&hellip;\n","protected":false},"author":2,"featured_media":176665,"comment_status":"","ping_status":"","sticky":false,"template":"","format":"standard","meta":{"footnotes":""},"categories":[1888],"tags":[47,1058,1054,1059,1060,1055,11,1057,1777,674,118,1011,27,665,1061,303,2088,12,626,1062,25,15442,656,104,1056,809],"class_list":{"0":"post-176664","1":"post","2":"type-post","3":"status-publish","4":"format-standard","5":"has-post-thumbnail","7":"category-paris","8":"tag-actualite","9":"tag-actualite-education","10":"tag-actualite-france","11":"tag-actualite-justice","12":"tag-actualite-securite","13":"tag-actualite-societe","14":"tag-actualites","15":"tag-education","16":"tag-eu","17":"tag-europe","18":"tag-faits-divers","19":"tag-fr","20":"tag-france","21":"tag-gaza","22":"tag-immigration","23":"tag-justice","24":"tag-manifestation","25":"tag-news","26":"tag-paris","27":"tag-polemique","28":"tag-republique-francaise","29":"tag-rima-hassan","30":"tag-securite","31":"tag-societe","32":"tag-societe-francaise","33":"tag-violence"},"share_on_mastodon":{"url":"https:\/\/pubeurope.com\/@fr\/114683455981192768","error":""},"_links":{"self":[{"href":"https:\/\/www.europesays.com\/fr\/wp-json\/wp\/v2\/posts\/176664","targetHints":{"allow":["GET"]}}],"collection":[{"href":"https:\/\/www.europesays.com\/fr\/wp-json\/wp\/v2\/posts"}],"about":[{"href":"https:\/\/www.europesays.com\/fr\/wp-json\/wp\/v2\/types\/post"}],"author":[{"embeddable":true,"href":"https:\/\/www.europesays.com\/fr\/wp-json\/wp\/v2\/users\/2"}],"replies":[{"embeddable":true,"href":"https:\/\/www.europesays.com\/fr\/wp-json\/wp\/v2\/comments?post=176664"}],"version-history":[{"count":0,"href":"https:\/\/www.europesays.com\/fr\/wp-json\/wp\/v2\/posts\/176664\/revisions"}],"wp:featuredmedia":[{"embeddable":true,"href":"https:\/\/www.europesays.com\/fr\/wp-json\/wp\/v2\/media\/176665"}],"wp:attachment":[{"href":"https:\/\/www.europesays.com\/fr\/wp-json\/wp\/v2\/media?parent=176664"}],"wp:term":[{"taxonomy":"category","embeddable":true,"href":"https:\/\/www.europesays.com\/fr\/wp-json\/wp\/v2\/categories?post=176664"},{"taxonomy":"post_tag","embeddable":true,"href":"https:\/\/www.europesays.com\/fr\/wp-json\/wp\/v2\/tags?post=176664"}],"curies":[{"name":"wp","href":"https:\/\/api.w.org\/{rel}","templated":true}]}}