{"id":176668,"date":"2025-06-14T19:51:09","date_gmt":"2025-06-14T19:51:09","guid":{"rendered":"https:\/\/www.europesays.com\/fr\/176668\/"},"modified":"2025-06-14T19:51:09","modified_gmt":"2025-06-14T19:51:09","slug":"guerre-en-ukraine-zelensky-sinquiete-dune-baisse-du-soutien-occidental-et-appelle-washington-a-agir","status":"publish","type":"post","link":"https:\/\/www.europesays.com\/fr\/176668\/","title":{"rendered":"Guerre en Ukraine\u00a0: Zelensky s\u2019inqui\u00e8te d\u2019une baisse du soutien occidental et appelle Washington \u00e0 agir"},"content":{"rendered":"<p>L\u2019Ukraine, qui fait face depuis plus de trois ans \u00e0 une <a href=\"https:\/\/www.letelegramme.fr\/monde\/guerre-ukraine-russie\/\" target=\"_blank\" rel=\"nofollow noopener\">invasion russe<\/a> qui a fait des dizaines de milliers de morts, d\u00e9pend en grande partie du soutien occidental, et en particulier am\u00e9ricain, pour son effort militaire.<\/p>\n<p>Mais la poursuite de cette aide est menac\u00e9e par la volont\u00e9 de Donald Trump de mettre fin \u00e0 la guerre le plus rapidement possible, voire de se d\u00e9sengager du conflit, quitte \u00e0 <a href=\"https:\/\/www.letelegramme.fr\/monde\/ukraine-trump-a-parle-avec-poutine-mais-previent-quil-ny-a-pas-de-paix-immediate-en-vue-6830260.php\" target=\"_blank\" rel=\"nofollow noopener\">renvoyer Moscou et Kiev dos \u00e0 dos<\/a>.<\/p>\n<p>\u00c9voquant les frappes \u00e9chang\u00e9es par Isra\u00ebl et l\u2019Iran depuis vendredi, le pr\u00e9sident ukrainien Volodymyr Zelensky a dit, samedi 14 juin 2025, esp\u00e9rer que \u00ab l\u2019aide \u00e0 l\u2019Ukraine ne diminue pas pour cette raison \u00bb, comme ce fut le cas lors de la pr\u00e9c\u00e9dente altercation entre les deux pays en octobre 2024.<\/p>\n<p>Les \u00c9tats-Unis et d\u2019autres pays occidentaux sont des alli\u00e9s majeurs d\u2019Isra\u00ebl et participent \u00e0 sa d\u00e9fense antia\u00e9rienne, un domaine dans lequel l\u2019Ukraine r\u00e9clame justement plus de livraisons pour faire face aux frappes russes. Dans ce contexte, Volodymyr Zelensky a aussi estim\u00e9, lors de cette conf\u00e9rence de presse tenue vendredi mais diffus\u00e9e samedi, que l\u2019aide europ\u00e9enne \u00e0 l\u2019Ukraine avait \u00ab ralenti \u00bb sans le soutien am\u00e9ricain.<\/p>\n<p>Trump et Poutine ont parl\u00e9<\/p>\n<p>Dans un autre message samedi, Volodymyr Zelensky a \u00e9galement appel\u00e9 les \u00c9tats-Unis \u00e0 \u00ab changer de ton \u00bb avec la Russie, alors que Kiev reproche \u00e0 Donald Trump ses contacts avec Vladimir Poutine et sa r\u00e9ticence \u00e0 imposer de nouvelles sanctions contre Moscou.<\/p>\n<p>\u00ab \u00c0 l\u2019heure actuelle, le ton du dialogue entre les \u00c9tats-Unis et la Russie semble trop conciliant. Soyons honn\u00eates : cela n\u2019arr\u00eatera pas Poutine. Ce qu\u2019il faut, c\u2019est changer de ton \u00bb, a-t-il plaid\u00e9.<\/p>\n<p>Vladimir Poutine et Donald Trump ont, en effet, discut\u00e9, ce samedi, des efforts en faveur d\u2019un r\u00e8glement en Ukraine, lors d\u2019un appel t\u00e9l\u00e9phonique. Il s\u2019agit du cinqui\u00e8me de ce type depuis l\u2019entr\u00e9e en fonction du pr\u00e9sident r\u00e9publicain.<\/p>\n<p>Le pr\u00e9sident russe a \u00e9galement inform\u00e9 Donald Trump de la \u00ab mise en \u0153uvre des accords conclus lors de la r\u00e9union entre les d\u00e9l\u00e9gations russe et ukrainienne \u00e0 Istanbul le 2 juin \u00bb.<\/p>\n<p>Vladimir Poutine a indiqu\u00e9 que la Russie \u00e9tait pr\u00eate \u00e0 poursuivre les n\u00e9gociations avec l\u2019Ukraine apr\u00e8s le 22 juin. Donald Trump a lui \u00ab r\u00e9it\u00e9r\u00e9 son int\u00e9r\u00eat pour une r\u00e9solution rapide du conflit russo-ukrainien \u00bb, a ajout\u00e9 le Kremlin.<\/p>\n<p>Nouvel \u00e9change de prisonniers<\/p>\n<p>Malgr\u00e9 les affrontements, l\u2019Ukraine et la Russie ont proc\u00e9d\u00e9, samedi, \u00e0 leur quatri\u00e8me \u00e9change de prisonniers de la semaine, dans le cadre des accords conclus \u00e0 Istanbul d\u00e9but juin. Comme lors des pr\u00e9c\u00e9dents \u00e9changes, le nombre de personnes concern\u00e9es n\u2019a pas \u00e9t\u00e9 r\u00e9v\u00e9l\u00e9.<\/p>\n<p>Des photos publi\u00e9es par Volodymyr Zelensky sur Telegram montrent des hommes de divers \u00e2ges, pour la plupart t\u00eate ras\u00e9e, en treillis et envelopp\u00e9s dans des drapeaux ukrainiens. Certains sont bless\u00e9s, d\u2019autres descendent des bus et embrassent ceux venus les accueillir, ou appellent quelqu\u2019un par t\u00e9l\u00e9phone, parfois souriants.<\/p>\n<p>De son c\u00f4t\u00e9, le minist\u00e8re russe de la D\u00e9fense a publi\u00e9 une vid\u00e9o montrant des hommes en uniforme brandissant des drapeaux russes, applaudissant et scandant \u00ab Russie, Russie \u00bb et \u00ab gloire \u00e0 la Russie \u00bb, certains le poing lev\u00e9.<\/p>\n<p>Kiev aussi indiqu\u00e9 avoir re\u00e7u 1 200 corps suppl\u00e9mentaires en provenance de Russie, identifi\u00e9s par Moscou comme \u00e9tant des Ukrainiens. L\u2019Ukraine avait d\u00e9j\u00e0 r\u00e9cup\u00e9r\u00e9 1 212 corps mercredi et 1 200 autres vendredi.<\/p>\n","protected":false},"excerpt":{"rendered":"L\u2019Ukraine, qui fait face depuis plus de trois ans \u00e0 une invasion russe qui a fait des dizaines&hellip;\n","protected":false},"author":2,"featured_media":176669,"comment_status":"","ping_status":"","sticky":false,"template":"","format":"standard","meta":{"footnotes":""},"categories":[1590],"tags":[11,765,1777,674,131,2069,74,12,220],"class_list":{"0":"post-176668","1":"post","2":"type-post","3":"status-publish","4":"format-standard","5":"has-post-thumbnail","7":"category-ukraine","8":"tag-actualites","9":"tag-en-continu","10":"tag-eu","11":"tag-europe","12":"tag-guerre-en-ukraine","13":"tag-guerre-ukraine-russie","14":"tag-monde","15":"tag-news","16":"tag-ukraine"},"share_on_mastodon":{"url":"https:\/\/pubeurope.com\/@fr\/114683464065523866","error":""},"_links":{"self":[{"href":"https:\/\/www.europesays.com\/fr\/wp-json\/wp\/v2\/posts\/176668","targetHints":{"allow":["GET"]}}],"collection":[{"href":"https:\/\/www.europesays.com\/fr\/wp-json\/wp\/v2\/posts"}],"about":[{"href":"https:\/\/www.europesays.com\/fr\/wp-json\/wp\/v2\/types\/post"}],"author":[{"embeddable":true,"href":"https:\/\/www.europesays.com\/fr\/wp-json\/wp\/v2\/users\/2"}],"replies":[{"embeddable":true,"href":"https:\/\/www.europesays.com\/fr\/wp-json\/wp\/v2\/comments?post=176668"}],"version-history":[{"count":0,"href":"https:\/\/www.europesays.com\/fr\/wp-json\/wp\/v2\/posts\/176668\/revisions"}],"wp:featuredmedia":[{"embeddable":true,"href":"https:\/\/www.europesays.com\/fr\/wp-json\/wp\/v2\/media\/176669"}],"wp:attachment":[{"href":"https:\/\/www.europesays.com\/fr\/wp-json\/wp\/v2\/media?parent=176668"}],"wp:term":[{"taxonomy":"category","embeddable":true,"href":"https:\/\/www.europesays.com\/fr\/wp-json\/wp\/v2\/categories?post=176668"},{"taxonomy":"post_tag","embeddable":true,"href":"https:\/\/www.europesays.com\/fr\/wp-json\/wp\/v2\/tags?post=176668"}],"curies":[{"name":"wp","href":"https:\/\/api.w.org\/{rel}","templated":true}]}}