{"id":176672,"date":"2025-06-14T19:53:09","date_gmt":"2025-06-14T19:53:09","guid":{"rendered":"https:\/\/www.europesays.com\/fr\/176672\/"},"modified":"2025-06-14T19:53:09","modified_gmt":"2025-06-14T19:53:09","slug":"le-premier-ministre-britannique-keir-starmer-en-visite-a-ottawa-avant-le-g7","status":"publish","type":"post","link":"https:\/\/www.europesays.com\/fr\/176672\/","title":{"rendered":"Le premier ministre britannique Keir Starmer en visite \u00e0 Ottawa avant le G7"},"content":{"rendered":"<p>OTTAWA \u2014 Le premier ministre britannique Keir Starmer est en visite \u00e0 Ottawa samedi, en pr\u00e9vision du sommet des dirigeants du G7 en Alberta.<\/p>\n<p>Le sommet d\u00e9bute dimanche dans un contexte de tensions et de violences croissantes au Moyen-Orient, provoqu\u00e9es par l\u2019attaque isra\u00e9lienne contre des sites nucl\u00e9aires et de missiles iraniens vendredi.<\/p>\n<p>Le premier ministre Mark Carney, h\u00f4te du sommet, accueillera M.\u00a0Starmer samedi soir \u00e0 Ottawa et les deux hommes se rencontreront dimanche matin avant leur d\u00e9part pour l\u2019Alberta.<\/p>\n<p>La visite de M.\u00a0Starmer survient alors que l\u2019\u00e9tat des n\u00e9gociations commerciales entre le Canada et le Royaume-Uni demeure incertain, et apr\u00e8s que le ministre canadien du Commerce international, Maninder Sidhu, a sugg\u00e9r\u00e9 aux deux pays de recourir \u00e0 l\u2019accord temporaire post-Brexit.<\/p>\n<p>Le ministre a rencontr\u00e9 la semaine derni\u00e8re son homologue britannique Jonathan Reynolds. Selon le porte-parole de M.\u00a0Sidhu, les deux hommes auraient parl\u00e9 de la reprise des n\u00e9gociations.<\/p>\n<p>\u00abLe Canada est toujours demeur\u00e9 \u00e0 la table des n\u00e9gociations. Il salue l\u2019ouverture du Royaume-Uni \u00e0 l\u2019id\u00e9e de reprendre les discussions, a dit Huzaif Qaisar. Nous travaillons \u00e9troitement avec le Royaume-Uni pour \u00e9liminer les plus importants irritants commerciaux et renforcer notre d\u00e9j\u00e0 solide relation bilat\u00e9rale.\u00bb<\/p>\n<p>Le Royaume-Uni et le Canada entretiennent des liens \u00e9troits dans les secteurs de la d\u00e9fense et de la culture, bien qu\u2019ils soient en conflit depuis des ann\u00e9es au sujet des exportations de b\u0153uf trait\u00e9 aux hormones en provenance du Canada et des appels des agriculteurs britanniques \u00e0 exporter davantage de fromage vers le Canada.<\/p>\n<p>Les deux pays ont adopt\u00e9 un ton de plus en plus ferme dans leurs d\u00e9clarations concernant les restrictions isra\u00e9liennes sur l\u2019aide alimentaire \u00e0 Gaza et l\u2019expansion des colonies en Cisjordanie, des d\u00e9clarations qui ont suscit\u00e9 la r\u00e9sistance du pr\u00e9sident am\u00e9ricain Donald Trump.<\/p>\n","protected":false},"excerpt":{"rendered":"OTTAWA \u2014 Le premier ministre britannique Keir Starmer est en visite \u00e0 Ottawa samedi, en pr\u00e9vision du sommet&hellip;\n","protected":false},"author":2,"featured_media":176673,"comment_status":"","ping_status":"","sticky":false,"template":"","format":"standard","meta":{"footnotes":""},"categories":[1588],"tags":[11,1777,674,4576,12,473,1853,1851,1850,1852],"class_list":{"0":"post-176672","1":"post","2":"type-post","3":"status-publish","4":"format-standard","5":"has-post-thumbnail","7":"category-royaume-uni","8":"tag-actualites","9":"tag-eu","10":"tag-europe","11":"tag-https-lactualite-com-sujet-politique","12":"tag-news","13":"tag-royaume-uni","14":"tag-royaume-uni-de-grande-bretagne-et-dirlande-du-nord","15":"tag-uk","16":"tag-united-kingdom","17":"tag-united-kingdom-of-great-britain-and-northern-ireland"},"share_on_mastodon":{"url":"https:\/\/pubeurope.com\/@fr\/114683471670147499","error":""},"_links":{"self":[{"href":"https:\/\/www.europesays.com\/fr\/wp-json\/wp\/v2\/posts\/176672","targetHints":{"allow":["GET"]}}],"collection":[{"href":"https:\/\/www.europesays.com\/fr\/wp-json\/wp\/v2\/posts"}],"about":[{"href":"https:\/\/www.europesays.com\/fr\/wp-json\/wp\/v2\/types\/post"}],"author":[{"embeddable":true,"href":"https:\/\/www.europesays.com\/fr\/wp-json\/wp\/v2\/users\/2"}],"replies":[{"embeddable":true,"href":"https:\/\/www.europesays.com\/fr\/wp-json\/wp\/v2\/comments?post=176672"}],"version-history":[{"count":0,"href":"https:\/\/www.europesays.com\/fr\/wp-json\/wp\/v2\/posts\/176672\/revisions"}],"wp:featuredmedia":[{"embeddable":true,"href":"https:\/\/www.europesays.com\/fr\/wp-json\/wp\/v2\/media\/176673"}],"wp:attachment":[{"href":"https:\/\/www.europesays.com\/fr\/wp-json\/wp\/v2\/media?parent=176672"}],"wp:term":[{"taxonomy":"category","embeddable":true,"href":"https:\/\/www.europesays.com\/fr\/wp-json\/wp\/v2\/categories?post=176672"},{"taxonomy":"post_tag","embeddable":true,"href":"https:\/\/www.europesays.com\/fr\/wp-json\/wp\/v2\/tags?post=176672"}],"curies":[{"name":"wp","href":"https:\/\/api.w.org\/{rel}","templated":true}]}}