{"id":176674,"date":"2025-06-14T19:54:10","date_gmt":"2025-06-14T19:54:10","guid":{"rendered":"https:\/\/www.europesays.com\/fr\/176674\/"},"modified":"2025-06-14T19:54:10","modified_gmt":"2025-06-14T19:54:10","slug":"pour-leur-reprise-les-red-panthers-battent-lallemagne-et-progressent-a-la-2e-place","status":"publish","type":"post","link":"https:\/\/www.europesays.com\/fr\/176674\/","title":{"rendered":"Pour leur reprise, les Red Panthers battent l&rsquo;Allemagne et progressent \u00e0 la 2e place"},"content":{"rendered":"<p class=\"ap-StoryElement ap-StoryElement--mb ap-StoryText\">Gr\u00e2ce \u00e0 ce 6e succ\u00e8s, les Belges, 3es mondiales, totalisent 20 unit\u00e9s et progressent \u00e0 la 2e place (sur 9 \u00e9quipes), \u00e0 \u00e9galit\u00e9 avec l&rsquo;Argentine (FIH-2), qui compte un match de plus. Loin devant, les Pays-Bas dominent les d\u00e9bats avec 31 unit\u00e9s en 12 rencontres.<\/p>\n<p class=\"ap-StoryElement ap-StoryElement--mb ap-StoryText\">Les Red Panthers retrouveront les Allemandes dimanche, avant d&rsquo;affronter l&rsquo;Espagne (les 17 et 18 juin), l&rsquo;Inde (21 et 22 juin) et de conclure leur campagne face aux Pays-Bas (28 et 29 juin). Ces deux derni\u00e8res fen\u00eatres de comp\u00e9tition \u00e0 Wilrijk marquent la pr\u00e9paration finale des Belges dans leur objectif principal de la saison: l&rsquo;Euro de M\u00f6nchengladbach, en Allemagne, du 8 au 17 ao\u00fbt.<\/p>\n","protected":false},"excerpt":{"rendered":"Gr\u00e2ce \u00e0 ce 6e succ\u00e8s, les Belges, 3es mondiales, totalisent 20 unit\u00e9s et progressent \u00e0 la 2e place&hellip;\n","protected":false},"author":2,"featured_media":176675,"comment_status":"","ping_status":"","sticky":false,"template":"","format":"standard","meta":{"footnotes":""},"categories":[1587],"tags":[11,672,828,1804,1805,1803,1777,674,1801,4488,12,1802],"class_list":{"0":"post-176674","1":"post","2":"type-post","3":"status-publish","4":"format-standard","5":"has-post-thumbnail","7":"category-allemagne","8":"tag-actualites","9":"tag-allemagne","10":"tag-belgique","11":"tag-bundesrepublik-deutschland","12":"tag-de","13":"tag-deutschland","14":"tag-eu","15":"tag-europe","16":"tag-germany","17":"tag-hockey","18":"tag-news","19":"tag-republique-federale-dallemagne"},"share_on_mastodon":{"url":"https:\/\/pubeurope.com\/@fr\/114683475636132650","error":""},"_links":{"self":[{"href":"https:\/\/www.europesays.com\/fr\/wp-json\/wp\/v2\/posts\/176674","targetHints":{"allow":["GET"]}}],"collection":[{"href":"https:\/\/www.europesays.com\/fr\/wp-json\/wp\/v2\/posts"}],"about":[{"href":"https:\/\/www.europesays.com\/fr\/wp-json\/wp\/v2\/types\/post"}],"author":[{"embeddable":true,"href":"https:\/\/www.europesays.com\/fr\/wp-json\/wp\/v2\/users\/2"}],"replies":[{"embeddable":true,"href":"https:\/\/www.europesays.com\/fr\/wp-json\/wp\/v2\/comments?post=176674"}],"version-history":[{"count":0,"href":"https:\/\/www.europesays.com\/fr\/wp-json\/wp\/v2\/posts\/176674\/revisions"}],"wp:featuredmedia":[{"embeddable":true,"href":"https:\/\/www.europesays.com\/fr\/wp-json\/wp\/v2\/media\/176675"}],"wp:attachment":[{"href":"https:\/\/www.europesays.com\/fr\/wp-json\/wp\/v2\/media?parent=176674"}],"wp:term":[{"taxonomy":"category","embeddable":true,"href":"https:\/\/www.europesays.com\/fr\/wp-json\/wp\/v2\/categories?post=176674"},{"taxonomy":"post_tag","embeddable":true,"href":"https:\/\/www.europesays.com\/fr\/wp-json\/wp\/v2\/tags?post=176674"}],"curies":[{"name":"wp","href":"https:\/\/api.w.org\/{rel}","templated":true}]}}