{"id":176682,"date":"2025-06-14T19:58:10","date_gmt":"2025-06-14T19:58:10","guid":{"rendered":"https:\/\/www.europesays.com\/fr\/176682\/"},"modified":"2025-06-14T19:58:10","modified_gmt":"2025-06-14T19:58:10","slug":"jerome-guedj-accuse-jean-luc-melenchon-detre-devenu-un-salopard-antisemite","status":"publish","type":"post","link":"https:\/\/www.europesays.com\/fr\/176682\/","title":{"rendered":"J\u00e9r\u00f4me Guedj accuse Jean-Luc M\u00e9lenchon d\u2019\u00eatre devenu \u00ab\u00a0un salopard antis\u00e9mite\u00a0\u00bb"},"content":{"rendered":"<p>Ce samedi, le d\u00e9put\u00e9 socialiste J\u00e9r\u00f4me Guedj, qui a rompu avec <a href=\"https:\/\/www.20minutes.fr\/politique\/france-insoumise\/\" class=\"color-ultramarine c-link\" target=\"_blank\" rel=\"noopener\">La France insoumise<\/a> apr\u00e8s les attaques du <a href=\"https:\/\/www.20minutes.fr\/monde\/hamas\/\" class=\"color-ultramarine c-link\" target=\"_blank\" rel=\"noopener\">Hamas<\/a> contre <a href=\"https:\/\/www.20minutes.fr\/monde\/israel\/\" class=\"color-ultramarine c-link\" target=\"_blank\" rel=\"noopener\">Isra\u00ebl<\/a> le 7\u00a0octobre 2023, a accus\u00e9 <a href=\"https:\/\/www.20minutes.fr\/politique\/jean-luc-melenchon\/\" class=\"color-ultramarine c-link\" target=\"_blank\" rel=\"noopener\">Jean-Luc M\u00e9lenchon<\/a>, dont il fut un proche, d\u2019\u00eatre devenu \u00ab\u00a0un salopard <a href=\"https:\/\/www.20minutes.fr\/dossier\/agression_antisemite\" class=\"color-ultramarine c-link\" target=\"_blank\" rel=\"noopener\">antis\u00e9mite<\/a>\u00a0\u00bb.<\/p>\n<p>\u00ab\u00a0Quand je dis \u00e0 Jean-Luc M\u00e9lenchon qu\u2019il n\u2019est pas possible et souhaitable de d\u00e9fendre la revendication de la <a href=\"https:\/\/www.20minutes.fr\/monde\/palestine\/\" class=\"color-ultramarine c-link\" target=\"_blank\" rel=\"noopener\">Palestine<\/a> \u201cde la mer \u00e0 la rivi\u00e8re\u201d, je d\u00e9fends la position historique des socialistes, notamment celle de Fran\u00e7ois Mitterrand \u00e0 la Knesset en\u00a01982, qui est celle de la solution \u00e0 deux \u00c9tats, de la s\u00e9curit\u00e9 d\u2019Isra\u00ebl et de la reconnaissance de l\u2019\u00c9tat palestinien. Et \u00e0 ce moment-l\u00e0, je deviens le sioniste g\u00e9nocidaire pour Jean-Luc M\u00e9lenchon et les siens\u00a0\u00bb, a lanc\u00e9 J\u00e9r\u00f4me Guedj \u00e0 la tribune du congr\u00e8s du <a href=\"https:\/\/www.20minutes.fr\/politique\/ps\/\" class=\"color-ultramarine c-link\" target=\"_blank\" rel=\"noopener\">Parti socialiste<\/a> \u00e0 Nancy.<\/p>\n<p>Une ambigu\u00eft\u00e9 assum\u00e9e<\/p>\n<p>\u00ab\u00a0J\u2019ai une meurtrissure terrible \u00e0 dire devant ce congr\u00e8s que, pour la premi\u00e8re fois de ma vie, j\u2019ai d\u00fb dire de l\u2019homme que j\u2019ai aim\u00e9 profond\u00e9ment qu\u2019il est devenu un salopard antis\u00e9mite, avec des propos qui sont pour nous absolument insupportables\u00a0\u00bb, a ajout\u00e9 le d\u00e9put\u00e9 de l\u2019Essonne, sous les applaudissements de la salle.<\/p>\n<\/p>\n<p>\u00ab\u00a0Sur le rapport avec LFI, on est encore dans l\u2019ambigu\u00eft\u00e9, et c\u2019est assum\u00e9\u00a0\u00bb de la part de la direction du Parti socialiste, avait d\u00e9nonc\u00e9 J\u00e9r\u00f4me Guedj avant son intervention.<\/p>\n<p>Un des enjeux du congr\u00e8s est le rapport du PS avec le mouvement de Jean-Luc M\u00e9lenchon\u00a0: les opposants \u00e0 <a href=\"https:\/\/www.20minutes.fr\/politique\/olivier-faure\/\" class=\"color-ultramarine c-link\" target=\"_blank\" rel=\"noopener\">Olivier Faure<\/a> r\u00e9clament la rupture la plus ferme possible avec les Insoumis lors des prochaines \u00e9ch\u00e9ances \u00e9lectorales.<\/p>\n<p>D\u2019anciens tr\u00e8s proches devenus ennemis<\/p>\n<p>Grand partisan de l\u2019alliance de gauche Nupes apr\u00e8s la pr\u00e9sidentielle de\u00a02022, J\u00e9r\u00f4me Guedj a rompu avec LFI apr\u00e8s les attaques du 7-Octobre.<\/p>\n<p>Jean-Luc M\u00e9lenchon a tenu des propos tr\u00e8s durs et ambigus \u00e0 son encontre, le qualifiant notamment de \u00ab\u00a0l\u00e2che de cette vari\u00e9t\u00e9 humaine que l\u2019on conna\u00eet tous, les d\u00e9lateurs\u00a0\u00bb.<\/p>\n<p>\u00ab\u00a0L\u2019int\u00e9ressant est de le voir s\u2019agiter autour du piquet o\u00f9 le retient la laisse de ses adh\u00e9sions\u00a0\u00bb, avait-il \u00e9galement d\u00e9clar\u00e9. Jean-Luc M\u00e9lenchon et J\u00e9r\u00f4me Guedj \u00e9taient tr\u00e8s proches quand le premier \u00e9tait au Parti socialiste, qu\u2019il a quitt\u00e9 en\u00a02008.<\/p>\n","protected":false},"excerpt":{"rendered":"Ce samedi, le d\u00e9put\u00e9 socialiste J\u00e9r\u00f4me Guedj, qui a rompu avec La France insoumise apr\u00e8s les attaques du&hellip;\n","protected":false},"author":2,"featured_media":176683,"comment_status":"","ping_status":"","sticky":false,"template":"","format":"standard","meta":{"footnotes":""},"categories":[2],"tags":[47,11,3259,1011,27,665,664,3081,1023,12,3518,4484,316,7612,25],"class_list":{"0":"post-176682","1":"post","2":"type-post","3":"status-publish","4":"format-standard","5":"has-post-thumbnail","7":"category-actualites","8":"tag-actualite","9":"tag-actualites","10":"tag-conflit-israelo-palestinien","11":"tag-fr","12":"tag-france","13":"tag-gaza","14":"tag-israel","15":"tag-jean-luc-melenchon","16":"tag-la-france-insoumise-lfi","17":"tag-news","18":"tag-palestine","19":"tag-parti-socialiste-ps","20":"tag-politique","21":"tag-proche-orient","22":"tag-republique-francaise"},"share_on_mastodon":{"url":"https:\/\/pubeurope.com\/@fr\/114683491462041326","error":""},"_links":{"self":[{"href":"https:\/\/www.europesays.com\/fr\/wp-json\/wp\/v2\/posts\/176682","targetHints":{"allow":["GET"]}}],"collection":[{"href":"https:\/\/www.europesays.com\/fr\/wp-json\/wp\/v2\/posts"}],"about":[{"href":"https:\/\/www.europesays.com\/fr\/wp-json\/wp\/v2\/types\/post"}],"author":[{"embeddable":true,"href":"https:\/\/www.europesays.com\/fr\/wp-json\/wp\/v2\/users\/2"}],"replies":[{"embeddable":true,"href":"https:\/\/www.europesays.com\/fr\/wp-json\/wp\/v2\/comments?post=176682"}],"version-history":[{"count":0,"href":"https:\/\/www.europesays.com\/fr\/wp-json\/wp\/v2\/posts\/176682\/revisions"}],"wp:featuredmedia":[{"embeddable":true,"href":"https:\/\/www.europesays.com\/fr\/wp-json\/wp\/v2\/media\/176683"}],"wp:attachment":[{"href":"https:\/\/www.europesays.com\/fr\/wp-json\/wp\/v2\/media?parent=176682"}],"wp:term":[{"taxonomy":"category","embeddable":true,"href":"https:\/\/www.europesays.com\/fr\/wp-json\/wp\/v2\/categories?post=176682"},{"taxonomy":"post_tag","embeddable":true,"href":"https:\/\/www.europesays.com\/fr\/wp-json\/wp\/v2\/tags?post=176682"}],"curies":[{"name":"wp","href":"https:\/\/api.w.org\/{rel}","templated":true}]}}