{"id":176688,"date":"2025-06-14T20:03:10","date_gmt":"2025-06-14T20:03:10","guid":{"rendered":"https:\/\/www.europesays.com\/fr\/176688\/"},"modified":"2025-06-14T20:03:10","modified_gmt":"2025-06-14T20:03:10","slug":"roland-garros-binaghi-president-de-la-federation-italienne-de-tennis-en-finale-de-roland-garros-entre-sinner-et-alcaraz-on-se-serait-cru-devant-un-jeu-video","status":"publish","type":"post","link":"https:\/\/www.europesays.com\/fr\/176688\/","title":{"rendered":"Roland Garros > Binaghi, pr\u00e9sident de la f\u00e9d\u00e9ration italienne de tennis : \u00ab\u00a0En finale de Roland-Garros entre Sinner et Alcaraz, on se serait cru devant un jeu vid\u00e9o\u00a0\u00bb"},"content":{"rendered":"<p>\u00c0 l\u2019instar des fans de la petite balle jaune, Angelo Binaghi a assist\u00e9 \u00e0 la finale oppo\u00adsant Jannik Sinner \u00e0 Carlos Alcaraz. Invit\u00e9 \u00e0 s\u2019ex\u00adprimer sur le match, dans les colonnes du <a href=\"https:\/\/www.corriere.it\/sport\/tennis\/25_giugno_10\/binaghi-sinner-intervista-d1374def-23e6-43cc-9ad7-530c884a7xlk.shtml\" data-wpel-link=\"external\" target=\"_blank\" rel=\"nofollow external noopener\">Corriere della Sera<\/a>, le pr\u00e9sident de la f\u00e9d\u00e9\u00adra\u00adtion italienne \u00e0 louer la qualit\u00e9 de cette rencontre au sommet, tout en esti\u00admant que son compa\u00adtriote aura plus de chances de triom\u00adpher l\u2019ann\u00e9e prochaine, sans sa suspension.<\/p>\n<p><strong>\u00ab\u202f\u00c0 Paris, nous avons gagn\u00e9 les deux finales les plus humaines et perdu celle entre extra\u00adter\u00adrestres\u00a0: Sinner et Alcaraz ont apport\u00e9 de la vitesse, des solu\u00adtions et un rythme jamais vu aupa\u00adra\u00advant. On se serait cru devant un jeu vid\u00e9o, dans la tani\u00e8re des loups. Attendons l\u2019ann\u00e9e prochaine, quand Jannik pourra jouer \u00e0 Paris sans les entraves et les arr\u00eats de ces\u00a0derniers\u00a0mois\u202f\u00bb.<\/strong><\/p>\n<p class=\"post-published-date\" style=\"color: silver; font-size: 75%; text-align: left;\">Publi\u00e9 le samedi 14 juin 2025 \u00e0 18:10<\/p>\n","protected":false},"excerpt":{"rendered":"\u00c0 l\u2019instar des fans de la petite balle jaune, Angelo Binaghi a assist\u00e9 \u00e0 la finale oppo\u00adsant Jannik&hellip;\n","protected":false},"author":2,"featured_media":161705,"comment_status":"","ping_status":"","sticky":false,"template":"","format":"standard","meta":{"footnotes":""},"categories":[1415],"tags":[1744,1011,27,2127,60,1467],"class_list":{"0":"post-176688","1":"post","2":"type-post","3":"status-publish","4":"format-standard","5":"has-post-thumbnail","7":"category-tennis","8":"tag-alcaraz","9":"tag-fr","10":"tag-france","11":"tag-sinner","12":"tag-sports","13":"tag-tennis"},"share_on_mastodon":{"url":"https:\/\/pubeurope.com\/@fr\/114683510991668916","error":""},"_links":{"self":[{"href":"https:\/\/www.europesays.com\/fr\/wp-json\/wp\/v2\/posts\/176688","targetHints":{"allow":["GET"]}}],"collection":[{"href":"https:\/\/www.europesays.com\/fr\/wp-json\/wp\/v2\/posts"}],"about":[{"href":"https:\/\/www.europesays.com\/fr\/wp-json\/wp\/v2\/types\/post"}],"author":[{"embeddable":true,"href":"https:\/\/www.europesays.com\/fr\/wp-json\/wp\/v2\/users\/2"}],"replies":[{"embeddable":true,"href":"https:\/\/www.europesays.com\/fr\/wp-json\/wp\/v2\/comments?post=176688"}],"version-history":[{"count":0,"href":"https:\/\/www.europesays.com\/fr\/wp-json\/wp\/v2\/posts\/176688\/revisions"}],"wp:featuredmedia":[{"embeddable":true,"href":"https:\/\/www.europesays.com\/fr\/wp-json\/wp\/v2\/media\/161705"}],"wp:attachment":[{"href":"https:\/\/www.europesays.com\/fr\/wp-json\/wp\/v2\/media?parent=176688"}],"wp:term":[{"taxonomy":"category","embeddable":true,"href":"https:\/\/www.europesays.com\/fr\/wp-json\/wp\/v2\/categories?post=176688"},{"taxonomy":"post_tag","embeddable":true,"href":"https:\/\/www.europesays.com\/fr\/wp-json\/wp\/v2\/tags?post=176688"}],"curies":[{"name":"wp","href":"https:\/\/api.w.org\/{rel}","templated":true}]}}