{"id":176719,"date":"2025-06-14T20:21:09","date_gmt":"2025-06-14T20:21:09","guid":{"rendered":"https:\/\/www.europesays.com\/fr\/176719\/"},"modified":"2025-06-14T20:21:09","modified_gmt":"2025-06-14T20:21:09","slug":"emmanuel-macron-a-demande-au-president-iranien-que-les-francais-ne-soient-en-aucun-cas-vises-liberation","status":"publish","type":"post","link":"https:\/\/www.europesays.com\/fr\/176719\/","title":{"rendered":"Emmanuel Macron a demand\u00e9 au pr\u00e9sident iranien que les Fran\u00e7ais \u00abne soient en aucun cas vis\u00e9s\u00bb \u2013 Lib\u00e9ration"},"content":{"rendered":"<p class=\"sc-ksZaOG ehjQrN text-element\"><b>Les n\u00e9gociations entre l\u2019Iran et les Etats-Unis sur le nucl\u00e9aire compromises. <\/b>A la suite des frappes isra\u00e9liennes, l\u2019Iran a d\u00e9clar\u00e9 ce samedi matin que de nouvelles discussions sur ses recherches nucl\u00e9aires avec les \u00c9tats-Unis sont d\u00e9sormais \u00abd\u00e9nu\u00e9es de sens\u00bb, rapporte le Tehran Times, citant Esmaeil Baghaei, porte-parole du minist\u00e8re iranien des Affaires \u00e9trang\u00e8res. \u00abL\u2019autre partie concern\u00e9e a fait quelque chose qui rend le dialogue d\u00e9nu\u00e9 de sens\u00bb, aurait d\u00e9clar\u00e9 Baghaei, selon qui la r\u00e9union avec les \u00c9tats-Unis pr\u00e9vue dimanche \u00e0 Oman est \u00abincertaine\u00bb. Bien que les propos de Baghaei jettent le doute sur la tenue de ces discussions, il n\u2019a pas confirm\u00e9 une annulation pure et simple. De son c\u00f4t\u00e9, le pr\u00e9sident am\u00e9ricain Donald Trump a mis en garde l\u2019Iran sur les r\u00e9seaux sociaux, l\u2019exhortant \u00e0 conclure un accord \u00abavant qu\u2019il ne soit trop tard\u00bb.<\/p>\n","protected":false},"excerpt":{"rendered":"Les n\u00e9gociations entre l\u2019Iran et les Etats-Unis sur le nucl\u00e9aire compromises. A la suite des frappes isra\u00e9liennes, l\u2019Iran&hellip;\n","protected":false},"author":2,"featured_media":176720,"comment_status":"","ping_status":"","sticky":false,"template":"","format":"standard","meta":{"footnotes":""},"categories":[4],"tags":[11,1073,73,1011,27,3019,664,12,3020,25],"class_list":{"0":"post-176719","1":"post","2":"type-post","3":"status-publish","4":"format-standard","5":"has-post-thumbnail","7":"category-france","8":"tag-actualites","9":"tag-emmanuel-macron","10":"tag-etats-unis","11":"tag-fr","12":"tag-france","13":"tag-iran","14":"tag-israel","15":"tag-news","16":"tag-nucleaire-iranien","17":"tag-republique-francaise"},"share_on_mastodon":{"url":"https:\/\/pubeurope.com\/@fr\/114683581932524648","error":""},"_links":{"self":[{"href":"https:\/\/www.europesays.com\/fr\/wp-json\/wp\/v2\/posts\/176719","targetHints":{"allow":["GET"]}}],"collection":[{"href":"https:\/\/www.europesays.com\/fr\/wp-json\/wp\/v2\/posts"}],"about":[{"href":"https:\/\/www.europesays.com\/fr\/wp-json\/wp\/v2\/types\/post"}],"author":[{"embeddable":true,"href":"https:\/\/www.europesays.com\/fr\/wp-json\/wp\/v2\/users\/2"}],"replies":[{"embeddable":true,"href":"https:\/\/www.europesays.com\/fr\/wp-json\/wp\/v2\/comments?post=176719"}],"version-history":[{"count":0,"href":"https:\/\/www.europesays.com\/fr\/wp-json\/wp\/v2\/posts\/176719\/revisions"}],"wp:featuredmedia":[{"embeddable":true,"href":"https:\/\/www.europesays.com\/fr\/wp-json\/wp\/v2\/media\/176720"}],"wp:attachment":[{"href":"https:\/\/www.europesays.com\/fr\/wp-json\/wp\/v2\/media?parent=176719"}],"wp:term":[{"taxonomy":"category","embeddable":true,"href":"https:\/\/www.europesays.com\/fr\/wp-json\/wp\/v2\/categories?post=176719"},{"taxonomy":"post_tag","embeddable":true,"href":"https:\/\/www.europesays.com\/fr\/wp-json\/wp\/v2\/tags?post=176719"}],"curies":[{"name":"wp","href":"https:\/\/api.w.org\/{rel}","templated":true}]}}