{"id":176723,"date":"2025-06-14T20:23:13","date_gmt":"2025-06-14T20:23:13","guid":{"rendered":"https:\/\/www.europesays.com\/fr\/176723\/"},"modified":"2025-06-14T20:23:13","modified_gmt":"2025-06-14T20:23:13","slug":"saint-etienne-deux-jeunes-de-14-et-15-ans-meurent-noyes-dans-la-loire","status":"publish","type":"post","link":"https:\/\/www.europesays.com\/fr\/176723\/","title":{"rendered":"Saint-\u00c9tienne. Deux jeunes de 14 et 15 ans meurent noy\u00e9s dans la Loire"},"content":{"rendered":"<p>Deux adolescents de 14 et 15 ans sont morts noy\u00e9s ce samedi dans une zone sauvage des bords de Loire interdite \u00e0 la baignade, pr\u00e8s de Saint-\u00c9tienne (Loire), rapporte <a href=\"https:\/\/www.leprogres.fr\/faits-divers-justice\/2025\/06\/14\/deux-adolescents-meurent-noyes-dans-la-loire\" target=\"_blank\" rel=\"nofollow noopener\">Le Progr\u00e8s<\/a>.<\/p>\n<p>Les deux adolescents faisaient partie d\u2019un groupe d\u2019une quinzaine de gar\u00e7ons venus se baigner pr\u00e8s de la commune d\u2019Unieux, dans une zone isol\u00e9e, \u00e9loign\u00e9e d\u2019une base nautique, et alors que la r\u00e9gion connaissait de fortes chaleurs.<\/p>\n<p>Ce contenu est bloqu\u00e9 car vous n&rsquo;avez pas accept\u00e9 les cookies et autres traceurs.<\/p>\n<p>En cliquant sur \u00ab J\u2019accepte \u00bb, les cookies et autres traceurs seront d\u00e9pos\u00e9s et vous pourrez visualiser les contenus  (<a href=\"\" class=\"consentModule_policy\" target=\"_blank\" title=\"Consulter la politique de protection des donn\u00e9es du fournisseur\">plus d&rsquo;informations<\/a>).<\/p>\n<p>En cliquant sur \u00ab J\u2019accepte tous les cookies \u00bb, vous autorisez des d\u00e9p\u00f4ts de cookies et autres traceurs pour le stockage de vos donn\u00e9es sur nos sites et applications \u00e0 des fins de personnalisation et de ciblage publicitaire.<\/p>\n<p class=\"consentModule_secondaryText\">Vous gardez la possibilit\u00e9 de retirer votre consentement \u00e0 tout moment en consultant notre <a href=\"https:\/\/www.bienpublic.com\/protection-des-donnees\" target=\"_blank\" title=\"Consulter notre politique de protection des donn\u00e9es\" rel=\"nofollow noopener\">politique de protection des donn\u00e9es<\/a>. <br \/>&#13;<br \/>\n            <a href=\"https:\/\/www.bienpublic.com\/faits-divers-justice\/2025\/06\/14\/javascript:Didomi.notice.show()\" class=\"consentModule_cmp\" rel=\"nofollow noopener\" target=\"_blank\">G\u00e9rer mes choix<\/a>&#13;\n        <\/p>\n<p>&#13;<br \/>\n                        J&rsquo;accepte&#13;<br \/>\n            J&rsquo;accepte tous les cookies&#13;\n        <\/p>\n<p>L\u2019une des deux victimes a p\u00e9ri en tentant de \u00ab\u200avenir au secours\u200a\u00bb de la premi\u00e8re, qui peinait \u00e0 \u00ab\u200aregagner la rive\u200a\u00bb apr\u00e8s avoir \u00ab\u200aplong\u00e9 depuis un rocher\u200a\u00bb, a indiqu\u00e9 le maire de Saint-Etienne <a href=\"https:\/\/www.bienpublic.com\/p\/gael-perdriau\" target=\"_blank\" rel=\"nofollow noopener\">Ga\u00ebl Perdriau<\/a>.<\/p>\n<p>\u00c0 sept et dix m\u00e8tres de profondeur<\/p>\n<p>Les corps deux adolescents ont \u00e9t\u00e9 rep\u00each\u00e9s \u00e0 sept et dix m\u00e8tres de profondeur par les sapeurs-pompiers appel\u00e9s par les jeunes. L\u2019un n\u2019a pas pu \u00eatre ranim\u00e9 sur place, le second est d\u00e9c\u00e9d\u00e9 lors de son transfert vers l\u2019h\u00e9licopt\u00e8re du Samu, selon l\u2019\u00e9lu, qui s\u2019est rendu sur place.<\/p>\n<p>\u00ab\u200aCe drame suscite une tr\u00e8s forte \u00e9motion et rappelle, en cette p\u00e9riode de fortes chaleurs propices \u00e0 la baignade, que celle-ci comporte des risques et n\u00e9cessite d\u2019adopter les bons r\u00e9flexes pour les pr\u00e9venir\u200a\u00bb, a rappel\u00e9 le pr\u00e9fet de la Loire. Une cellule psychologique a \u00e9t\u00e9 mise en place par le CHU de Saint-Etienne.<\/p>\n<p><a href=\"https:\/\/www.leprogres.fr\/faits-divers-justice\/2025\/06\/14\/deux-adolescents-meurent-noyes-dans-la-loire\" target=\"_blank\" rel=\"nofollow noopener\"><strong>&gt;&gt; Lire l&rsquo;article complet du Progr\u00e8s.<\/strong><\/a><\/p>\n","protected":false},"excerpt":{"rendered":"Deux adolescents de 14 et 15 ans sont morts noy\u00e9s ce samedi dans une zone sauvage des bords&hellip;\n","protected":false},"author":2,"featured_media":176724,"comment_status":"","ping_status":"","sticky":false,"template":"","format":"standard","meta":{"footnotes":""},"categories":[9653],"tags":[119,1111,11,2430,1777,674,274,107,1011,27,329,12,25,4001],"class_list":{"0":"post-176723","1":"post","2":"type-post","3":"status-publish","4":"format-standard","5":"has-post-thumbnail","7":"category-saint-etienne","8":"tag-accident","9":"tag-actu","10":"tag-actualites","11":"tag-auvergne-rhone-alpes","12":"tag-eu","13":"tag-europe","14":"tag-faits-divers-justice","15":"tag-fil-info","16":"tag-fr","17":"tag-france","18":"tag-france-monde","19":"tag-news","20":"tag-republique-francaise","21":"tag-saint-etienne"},"share_on_mastodon":{"url":"https:\/\/pubeurope.com\/@fr\/114683589685576985","error":""},"_links":{"self":[{"href":"https:\/\/www.europesays.com\/fr\/wp-json\/wp\/v2\/posts\/176723","targetHints":{"allow":["GET"]}}],"collection":[{"href":"https:\/\/www.europesays.com\/fr\/wp-json\/wp\/v2\/posts"}],"about":[{"href":"https:\/\/www.europesays.com\/fr\/wp-json\/wp\/v2\/types\/post"}],"author":[{"embeddable":true,"href":"https:\/\/www.europesays.com\/fr\/wp-json\/wp\/v2\/users\/2"}],"replies":[{"embeddable":true,"href":"https:\/\/www.europesays.com\/fr\/wp-json\/wp\/v2\/comments?post=176723"}],"version-history":[{"count":0,"href":"https:\/\/www.europesays.com\/fr\/wp-json\/wp\/v2\/posts\/176723\/revisions"}],"wp:featuredmedia":[{"embeddable":true,"href":"https:\/\/www.europesays.com\/fr\/wp-json\/wp\/v2\/media\/176724"}],"wp:attachment":[{"href":"https:\/\/www.europesays.com\/fr\/wp-json\/wp\/v2\/media?parent=176723"}],"wp:term":[{"taxonomy":"category","embeddable":true,"href":"https:\/\/www.europesays.com\/fr\/wp-json\/wp\/v2\/categories?post=176723"},{"taxonomy":"post_tag","embeddable":true,"href":"https:\/\/www.europesays.com\/fr\/wp-json\/wp\/v2\/tags?post=176723"}],"curies":[{"name":"wp","href":"https:\/\/api.w.org\/{rel}","templated":true}]}}