{"id":176725,"date":"2025-06-14T20:24:09","date_gmt":"2025-06-14T20:24:09","guid":{"rendered":"https:\/\/www.europesays.com\/fr\/176725\/"},"modified":"2025-06-14T20:24:09","modified_gmt":"2025-06-14T20:24:09","slug":"deux-adolescents-de-14-et-15-ans-se-noient-dans-une-zone-interdite-a-la-baignade-pres-de-saint-etienne","status":"publish","type":"post","link":"https:\/\/www.europesays.com\/fr\/176725\/","title":{"rendered":"Deux adolescents de\u00a014 et 15\u00a0ans se noient dans une zone interdite \u00e0 la baignade pr\u00e8s de Saint-\u00c9tienne"},"content":{"rendered":"<p class=\"paragraph text_align_left\">L\u2019un est d\u00e9c\u00e9d\u00e9 en tentant de venir en aide \u00e0 son ami. Deux adolescents de 14 et 15 ans <a href=\"https:\/\/www.leparisien.fr\/faits-divers\/plus-de-1-200-noyades-durant-lete-2024-une-hausse-preoccupante-observee-durant-les-fortes-chaleurs-22-05-2025-AKX5EJ4CTBCVJLSFYLAUEE6UY4.php\" target=\"_self\" rel=\"nofollow noopener\">sont morts noy\u00e9s<\/a> samedi dans une zone sauvage des bords de Loire interdite \u00e0 la baignade, pr\u00e8s de Saint-\u00c9tienne (Loire), a-t-on appris aupr\u00e8s de la pr\u00e9fecture et du maire de la ville.<\/p>\n<p class=\"paragraph text_align_left\">Les deux jeunes faisaient partie d\u2019un groupe d\u2019une quinzaine de gar\u00e7ons, selon la pr\u00e9fecture de la Loire, venus se baigner pr\u00e8s de la commune d\u2019Unieux, dans une zone isol\u00e9e, \u00e9loign\u00e9e d\u2019une base nautique, alors <a href=\"https:\/\/www.leparisien.fr\/meteo\/meteo-du-week-end-apres-les-fortes-chaleurs-place-aux-orages-et-a-lhumidite-13-06-2025-AF47CAB2GJGODMMDDWP22KRUSQ.php\" target=\"_self\" rel=\"nofollow noopener\">que la r\u00e9gion connaissait de fortes chaleurs<\/a>.<\/p>\n<p class=\"paragraph text_align_left\">L\u2019une des deux victimes a p\u00e9ri en tentant de \u00ab venir au secours \u00bb de la premi\u00e8re, qui peinait \u00e0 \u00ab regagner la rive \u00bb apr\u00e8s avoir \u00ab plong\u00e9 depuis un rocher \u00bb, a indiqu\u00e9 \u00e0 l\u2019AFP le maire de Saint-\u00c9tienne Ga\u00ebl Perdriau, confirmant une information du quotidien <a href=\"https:\/\/www.leprogres.fr\/faits-divers-justice\/2025\/06\/14\/deux-adolescents-meurent-noyes-dans-la-loire?at_content=link&amp;at_term=Leprogresloire&amp;at_campaign=Twitter&amp;at_medium=Social&amp;at_source=nonli\" target=\"_self\" rel=\"nofollow noopener\">Le Progr\u00e8s<\/a>.<\/p>\n<p class=\"paragraph text_align_left\">\u00ab Cette belle journ\u00e9e s\u2019est tragiquement transform\u00e9e. Le premier \u00e0 sauter dans l\u2019eau s\u2019est retrouv\u00e9 en difficult\u00e9, happ\u00e9 par la profondeur. Deux de ses amis ont tent\u00e9 de lui porter secours. L\u2019un d\u2019eux a lui aussi \u00e9t\u00e9 emport\u00e9 \u00bb, <a href=\"https:\/\/www.facebook.com\/gael.perdriau.9\/posts\/pfbid02p7Ms1FNY7Vgy73BKNow9gZtpejG25ZYmqaarrw7LQFtXoh6FjAFV6tcNorsnoDuql?locale=fr_FR\" target=\"_self\" rel=\"nofollow noopener\">\u00e9crit-il sur Facebook<\/a>.<\/p>\n<p>\u00ab C\u2019est toute une ville qui est dans la peine \u00bb<\/p>\n<p class=\"paragraph text_align_left\">Les corps deux adolescents ont \u00e9t\u00e9 rep\u00each\u00e9s \u00e0 sept et dix m\u00e8tres de profondeur par les sapeurs-pompiers appel\u00e9s par les jeunes. L\u2019un n\u2019a pas pu \u00eatre ranim\u00e9 sur place, le second est d\u00e9c\u00e9d\u00e9 lors de son transfert vers l\u2019h\u00e9licopt\u00e8re du Samu, selon l\u2019\u00e9lu, qui s\u2019est rendu sur place.<\/p>\n<p class=\"paragraph text_align_left\">\u00ab Ce drame suscite une tr\u00e8s forte \u00e9motion et rappelle, en cette p\u00e9riode de fortes chaleurs propices \u00e0 la baignade, que celle-ci comporte des risques et n\u00e9cessite d\u2019adopter les bons r\u00e9flexes pour les pr\u00e9venir \u00bb, <a href=\"https:\/\/x.com\/Prefecture42\/status\/1933931043125350461\" target=\"_self\" rel=\"nofollow\">a rappel\u00e9 sur X le pr\u00e9fet de la Loire<\/a>.<\/p>\n<p class=\"paragraph text_align_left\">\u00ab C\u2019est toute une ville qui est dans la peine \u00bb, a d\u00e9clar\u00e9 le maire de Saint-\u00c9tienne, \u00ab ce drame nous rappelle combien la vie peut basculer en un instant. Il nous appelle aussi, collectivement, \u00e0 la prudence et \u00e0 la vigilance, surtout \u00e0 l\u2019approche de l\u2019\u00e9t\u00e9 \u00bb.<\/p>\n<p class=\"paragraph text_align_left\">Une cellule psychologique a \u00e9t\u00e9 mise en place par le CHU de Saint-\u00c9tienne.<\/p>\n","protected":false},"excerpt":{"rendered":"L\u2019un est d\u00e9c\u00e9d\u00e9 en tentant de venir en aide \u00e0 son ami. Deux adolescents de 14 et 15&hellip;\n","protected":false},"author":2,"featured_media":176726,"comment_status":"","ping_status":"","sticky":false,"template":"","format":"standard","meta":{"footnotes":""},"categories":[9653],"tags":[1111,11,2430,459,1777,674,118,1011,27,19912,12,25,4001],"class_list":{"0":"post-176725","1":"post","2":"type-post","3":"status-publish","4":"format-standard","5":"has-post-thumbnail","7":"category-saint-etienne","8":"tag-actu","9":"tag-actualites","10":"tag-auvergne-rhone-alpes","11":"tag-departements-horsidfo","12":"tag-eu","13":"tag-europe","14":"tag-faits-divers","15":"tag-fr","16":"tag-france","17":"tag-loire-42","18":"tag-news","19":"tag-republique-francaise","20":"tag-saint-etienne"},"share_on_mastodon":{"url":"https:\/\/pubeurope.com\/@fr\/114683593572016549","error":""},"_links":{"self":[{"href":"https:\/\/www.europesays.com\/fr\/wp-json\/wp\/v2\/posts\/176725","targetHints":{"allow":["GET"]}}],"collection":[{"href":"https:\/\/www.europesays.com\/fr\/wp-json\/wp\/v2\/posts"}],"about":[{"href":"https:\/\/www.europesays.com\/fr\/wp-json\/wp\/v2\/types\/post"}],"author":[{"embeddable":true,"href":"https:\/\/www.europesays.com\/fr\/wp-json\/wp\/v2\/users\/2"}],"replies":[{"embeddable":true,"href":"https:\/\/www.europesays.com\/fr\/wp-json\/wp\/v2\/comments?post=176725"}],"version-history":[{"count":0,"href":"https:\/\/www.europesays.com\/fr\/wp-json\/wp\/v2\/posts\/176725\/revisions"}],"wp:featuredmedia":[{"embeddable":true,"href":"https:\/\/www.europesays.com\/fr\/wp-json\/wp\/v2\/media\/176726"}],"wp:attachment":[{"href":"https:\/\/www.europesays.com\/fr\/wp-json\/wp\/v2\/media?parent=176725"}],"wp:term":[{"taxonomy":"category","embeddable":true,"href":"https:\/\/www.europesays.com\/fr\/wp-json\/wp\/v2\/categories?post=176725"},{"taxonomy":"post_tag","embeddable":true,"href":"https:\/\/www.europesays.com\/fr\/wp-json\/wp\/v2\/tags?post=176725"}],"curies":[{"name":"wp","href":"https:\/\/api.w.org\/{rel}","templated":true}]}}